{"id":9954,"date":"2025-09-18T18:54:28","date_gmt":"2025-09-18T21:54:28","guid":{"rendered":"https:\/\/muycritico.com.ar\/web\/?p=9954"},"modified":"2026-01-18T19:12:45","modified_gmt":"2026-01-18T22:12:45","slug":"corte-de-transito-por-obra-de-emergencia-en-alvarado-y-catamarca","status":"publish","type":"post","link":"https:\/\/muycritico.com.ar\/web\/?p=9954","title":{"rendered":"CORTE DE TR\u00c1NSITO POR OBRA DE EMERGENCIA EN ALVARADO Y CATAMARCA"},"content":{"rendered":"<p><strong>Se produjo el hundimiento de las placas. El corte se mantendr\u00e1 por 15 d\u00edas. Se destaca que por los trabajos en el Paseo de la Fe tambi\u00e9n hay cortes en C\u00f3rdoba y Caseros, por lo que se proh\u00edbe circular por las v\u00edas norte-sur. Habr\u00e1 personal y filtros en las zonas. Se solicita circular con precauci\u00f3n.<\/strong><\/p>\n<p><!--more--><\/p>\n<p>La Municipalidad de Salta informa sobre un corte por obra de emergencia en las calles Alvarado y Catamarca. En dicha intersecci\u00f3n se produjo el hundimiento de las placas.<\/p>\n<p>Asimismo, se destaca que por los trabajos en el Paseo de la Fe tambi\u00e9n hay cortes en C\u00f3rdoba y Caseros, por lo que se encuentran cortadas ambas v\u00edas de norte a sur.<\/p>\n<p>Habr\u00e1 personal con filtros en Espa\u00f1a y Vicente L\u00f3pez, Pje Zorrilla y Vicente L\u00f3pez, Paseo G\u00fcemes y Vicente L\u00f3pez, Caseros y Lavalle, San Mart\u00edn y Lavalle, Santa Fe y Mendoza, de 7.30 a 9.00, de 12.00 a 15.00 y de 17 a 21.00.<\/p>\n<p>Adem\u00e1s, se proh\u00edbe el estacionamiento en Pasaje Zorrilla y se cambia la frecuencia de sem\u00e1foros de San Mart\u00edn e Yrigoyen, San Mart\u00edn y Santa Fe y San Mart\u00edn y Catamarca.<\/p>\n<p>\u00abRealizamos los cortes y filtros para brindar seguridad y orden en el tr\u00e1nsito ante esta obra de emergencia. Les pedimos a los vecinos que tengan paciencia y respeten dichas acciones para que el personal de Obras P\u00fablicas pueda trabajar de buena manera\u00bb, dijo N\u00e9stor Ruiz de los Llanos, subsecretario de Seguridad Vial y Prevenci\u00f3n.<\/p>\n<p>Desde el municipio se solicita a los conductores circular con precauci\u00f3n, atender las \u00f3rdenes del personal uniformado y utilizar v\u00edas alternativas.<\/p>\n<p><iframe loading=\"lazy\" title=\"Se efect\u00fao un corte por obra de emergencia en Alvarado y Catamarca\" width=\"696\" height=\"392\" src=\"https:\/\/www.youtube.com\/embed\/PBh2LVt9fz8?feature=oembed\" frameborder=\"0\" allow=\"accelerometer; autoplay; clipboard-write; encrypted-media; gyroscope; picture-in-picture; web-share\" referrerpolicy=\"strict-origin-when-cross-origin\" allowfullscreen><\/iframe><\/p>\n","protected":false},"excerpt":{"rendered":"<p>Se produjo el hundimiento de las placas. El corte se mantendr\u00e1 por 15 d\u00edas. Se destaca que por los trabajos en el Paseo de la Fe tambi\u00e9n hay cortes en C\u00f3rdoba y Caseros, por lo que se proh\u00edbe circular por las v\u00edas norte-sur. Habr\u00e1 personal y filtros en las zonas. Se solicita circular con precauci\u00f3n.<\/p>\n","protected":false},"author":2,"featured_media":9955,"comment_status":"open","ping_status":"closed","sticky":false,"template":"","format":"standard","meta":{"footnotes":""},"categories":[6],"tags":[872],"class_list":["post-9954","post","type-post","status-publish","format-standard","has-post-thumbnail","hentry","category-notas","tag-victor-sacca"],"_links":{"self":[{"href":"https:\/\/muycritico.com.ar\/web\/index.php?rest_route=\/wp\/v2\/posts\/9954","targetHints":{"allow":["GET"]}}],"collection":[{"href":"https:\/\/muycritico.com.ar\/web\/index.php?rest_route=\/wp\/v2\/posts"}],"about":[{"href":"https:\/\/muycritico.com.ar\/web\/index.php?rest_route=\/wp\/v2\/types\/post"}],"author":[{"embeddable":true,"href":"https:\/\/muycritico.com.ar\/web\/index.php?rest_route=\/wp\/v2\/users\/2"}],"replies":[{"embeddable":true,"href":"https:\/\/muycritico.com.ar\/web\/index.php?rest_route=%2Fwp%2Fv2%2Fcomments&post=9954"}],"version-history":[{"count":1,"href":"https:\/\/muycritico.com.ar\/web\/index.php?rest_route=\/wp\/v2\/posts\/9954\/revisions"}],"predecessor-version":[{"id":9956,"href":"https:\/\/muycritico.com.ar\/web\/index.php?rest_route=\/wp\/v2\/posts\/9954\/revisions\/9956"}],"wp:featuredmedia":[{"embeddable":true,"href":"https:\/\/muycritico.com.ar\/web\/index.php?rest_route=\/wp\/v2\/media\/9955"}],"wp:attachment":[{"href":"https:\/\/muycritico.com.ar\/web\/index.php?rest_route=%2Fwp%2Fv2%2Fmedia&parent=9954"}],"wp:term":[{"taxonomy":"category","embeddable":true,"href":"https:\/\/muycritico.com.ar\/web\/index.php?rest_route=%2Fwp%2Fv2%2Fcategories&post=9954"},{"taxonomy":"post_tag","embeddable":true,"href":"https:\/\/muycritico.com.ar\/web\/index.php?rest_route=%2Fwp%2Fv2%2Ftags&post=9954"}],"curies":[{"name":"wp","href":"https:\/\/api.w.org\/{rel}","templated":true}]}}