{"id":9948,"date":"2025-09-18T17:54:28","date_gmt":"2025-09-18T20:54:28","guid":{"rendered":"https:\/\/muycritico.com.ar\/web\/?p=9948"},"modified":"2026-01-18T19:12:46","modified_gmt":"2026-01-18T22:12:46","slug":"funcionarios-provinciales-y-nacionales-hicieron-un-repaso-del-trabajo-en-los-ex-lotes-fiscales-55-y-14","status":"publish","type":"post","link":"https:\/\/muycritico.com.ar\/web\/?p=9948","title":{"rendered":"FUNCIONARIOS PROVINCIALES Y NACIONALES HICIERON UN REPASO DEL TRABAJO EN LOS EX LOTES FISCALES 55 Y 14"},"content":{"rendered":"<p><strong>En Casa de Gobierno, los ministros Camacho y Mimessi recibieron al presidente del Instituto Nacional de Asuntos Ind\u00edgenas. Firmaron un convenio.<\/strong><\/p>\n<p><!--more--><\/p>\n<p>En una revisi\u00f3n general de las medidas tomadas por el Gobierno de Salta en los ex \u2013 lotes fiscales 55 y 14, ubicados en el departamento Rivadavia, gir\u00f3 la reuni\u00f3n que mantuvieron los ministros de Infraestructura y de Desarrollo Social con funcionarios del Instituto Nacional de Asuntos Ind\u00edgenas (INAI).<\/p>\n<p>\u201cFue una reuni\u00f3n de repaso y revisi\u00f3n de las acciones que ejecutamos y que llevamos adelante en cumplimiento con la sentencia de la Corte Interamericana de Derechos Humanos en el caso Lhaka Honhat contra el Estado Argentino\u201d, indic\u00f3 el ministro <strong>Sergio Camacho<\/strong>, quien es comisionado de la Unidad Ejecutora Provincial creada en este marco.<\/p>\n<p><img loading=\"lazy\" decoding=\"async\" class=\"aligncenter size-full wp-image-9950\" src=\"https:\/\/muycritico.com.ar\/web\/wp-content\/uploads\/2025\/09\/CAMACHO2.jpg\" alt=\"\" width=\"1060\" height=\"598\" \/><\/p>\n<p>El ministro Camacho y su par Mario Mimessi recibieron al presidente del INAI, Claudio Avruj. En Casa de Gobierno adem\u00e1s firmaron un convenio que permitir\u00e1 fortalecer el reconocimiento de los derechos territoriales de las comunidades originarias de Salta.<\/p>\n<p>Se trata de un acuerdo institucional que brinda el marco de colaboraci\u00f3n mutua que prev\u00e9 identificar potenciales conflictos sobre temas vinculados a la ocupaci\u00f3n territorial de las comunidades, para ofrecer una soluci\u00f3n.<\/p>\n<p>El convenio propone la realizaci\u00f3n de abordajes conjuntos sobre estas cuestiones, para avanzar y garantizar los derechos de las comunidades al respecto. Avruj indic\u00f3 que \u201cnos convoca una agenda importante que hace a la misi\u00f3n del INAI, donde se destacan la sentencia por Lhaka Honhat y el Corredor Bioce\u00e1nico. Seguimos avanzando en base al di\u00e1logo y la articulaci\u00f3n\u201d.<\/p>\n<p>En el encuentro participaron el secretario de Asuntos Ind\u00edgenas, Luis G\u00f3mez Almar\u00e1s, e integrantes de los equipos de la Provincia y del organismo nacional.<\/p>\n","protected":false},"excerpt":{"rendered":"<p>En Casa de Gobierno, los ministros Camacho y Mimessi recibieron al presidente del Instituto Nacional de Asuntos Ind\u00edgenas. Firmaron un convenio.<\/p>\n","protected":false},"author":2,"featured_media":9949,"comment_status":"open","ping_status":"closed","sticky":false,"template":"","format":"standard","meta":{"footnotes":""},"categories":[6],"tags":[757,872],"class_list":["post-9948","post","type-post","status-publish","format-standard","has-post-thumbnail","hentry","category-notas","tag-sergio-camacho","tag-victor-sacca"],"_links":{"self":[{"href":"https:\/\/muycritico.com.ar\/web\/index.php?rest_route=\/wp\/v2\/posts\/9948","targetHints":{"allow":["GET"]}}],"collection":[{"href":"https:\/\/muycritico.com.ar\/web\/index.php?rest_route=\/wp\/v2\/posts"}],"about":[{"href":"https:\/\/muycritico.com.ar\/web\/index.php?rest_route=\/wp\/v2\/types\/post"}],"author":[{"embeddable":true,"href":"https:\/\/muycritico.com.ar\/web\/index.php?rest_route=\/wp\/v2\/users\/2"}],"replies":[{"embeddable":true,"href":"https:\/\/muycritico.com.ar\/web\/index.php?rest_route=%2Fwp%2Fv2%2Fcomments&post=9948"}],"version-history":[{"count":1,"href":"https:\/\/muycritico.com.ar\/web\/index.php?rest_route=\/wp\/v2\/posts\/9948\/revisions"}],"predecessor-version":[{"id":9951,"href":"https:\/\/muycritico.com.ar\/web\/index.php?rest_route=\/wp\/v2\/posts\/9948\/revisions\/9951"}],"wp:featuredmedia":[{"embeddable":true,"href":"https:\/\/muycritico.com.ar\/web\/index.php?rest_route=\/wp\/v2\/media\/9949"}],"wp:attachment":[{"href":"https:\/\/muycritico.com.ar\/web\/index.php?rest_route=%2Fwp%2Fv2%2Fmedia&parent=9948"}],"wp:term":[{"taxonomy":"category","embeddable":true,"href":"https:\/\/muycritico.com.ar\/web\/index.php?rest_route=%2Fwp%2Fv2%2Fcategories&post=9948"},{"taxonomy":"post_tag","embeddable":true,"href":"https:\/\/muycritico.com.ar\/web\/index.php?rest_route=%2Fwp%2Fv2%2Ftags&post=9948"}],"curies":[{"name":"wp","href":"https:\/\/api.w.org\/{rel}","templated":true}]}}