{"id":9945,"date":"2025-09-18T17:39:11","date_gmt":"2025-09-18T20:39:11","guid":{"rendered":"https:\/\/muycritico.com.ar\/web\/?p=9945"},"modified":"2026-01-18T15:32:31","modified_gmt":"2026-01-18T18:32:31","slug":"los-rosales-vivio-su-milagro","status":"publish","type":"post","link":"https:\/\/muycritico.com.ar\/web\/?p=9945","title":{"rendered":"LOS ROSALES VIVI\u00d3 SU MILAGRO"},"content":{"rendered":"<p><strong>El intendente Federico Sacca, su familia y equipo de gesti\u00f3n, participaron junto al devoto pueblo de Los Rosales, donde el Municipio de El Galp\u00f3n honra a los Patronos Tutelares de Salta.<\/strong><\/p>\n<p><!--more--><\/p>\n<p>La fe camin\u00f3 en cada paso y se hizo m\u00fasica en cada tambor y acorde\u00f3n. Las im\u00e1genes peregrinas llegaron desde localidades cercanas y el pueblo entero se uni\u00f3 en un mismo coraz\u00f3n.<\/p>\n<p>Las Fiestas Patronales del Se\u00f1or y la Virgen del Milagro fueron encuentro, promesa y agradecimiento. En Los Rosales, la devoci\u00f3n se transform\u00f3 en abrazo y la esperanza en camino compartido.<\/p>\n<p><iframe loading=\"lazy\" style=\"border: none; overflow: hidden;\" src=\"https:\/\/www.facebook.com\/plugins\/video.php?height=476&amp;href=https%3A%2F%2Fwww.facebook.com%2Felgalponmunicipio%2Fvideos%2F3682173965419259%2F&amp;show_text=true&amp;width=267&amp;t=0\" width=\"267\" height=\"591\" frameborder=\"0\" scrolling=\"no\" allowfullscreen=\"allowfullscreen\"><\/iframe><\/p>\n","protected":false},"excerpt":{"rendered":"<p>El intendente Federico Sacca, su familia y equipo de gesti\u00f3n, participaron junto al devoto pueblo de Los Rosales, donde el Municipio de El Galp\u00f3n honra a los Patronos Tutelares de Salta.<\/p>\n","protected":false},"author":2,"featured_media":9946,"comment_status":"open","ping_status":"closed","sticky":false,"template":"","format":"standard","meta":{"footnotes":""},"categories":[8],"tags":[872],"class_list":["post-9945","post","type-post","status-publish","format-standard","has-post-thumbnail","hentry","category-cultura","tag-victor-sacca"],"_links":{"self":[{"href":"https:\/\/muycritico.com.ar\/web\/index.php?rest_route=\/wp\/v2\/posts\/9945","targetHints":{"allow":["GET"]}}],"collection":[{"href":"https:\/\/muycritico.com.ar\/web\/index.php?rest_route=\/wp\/v2\/posts"}],"about":[{"href":"https:\/\/muycritico.com.ar\/web\/index.php?rest_route=\/wp\/v2\/types\/post"}],"author":[{"embeddable":true,"href":"https:\/\/muycritico.com.ar\/web\/index.php?rest_route=\/wp\/v2\/users\/2"}],"replies":[{"embeddable":true,"href":"https:\/\/muycritico.com.ar\/web\/index.php?rest_route=%2Fwp%2Fv2%2Fcomments&post=9945"}],"version-history":[{"count":1,"href":"https:\/\/muycritico.com.ar\/web\/index.php?rest_route=\/wp\/v2\/posts\/9945\/revisions"}],"predecessor-version":[{"id":9947,"href":"https:\/\/muycritico.com.ar\/web\/index.php?rest_route=\/wp\/v2\/posts\/9945\/revisions\/9947"}],"wp:featuredmedia":[{"embeddable":true,"href":"https:\/\/muycritico.com.ar\/web\/index.php?rest_route=\/wp\/v2\/media\/9946"}],"wp:attachment":[{"href":"https:\/\/muycritico.com.ar\/web\/index.php?rest_route=%2Fwp%2Fv2%2Fmedia&parent=9945"}],"wp:term":[{"taxonomy":"category","embeddable":true,"href":"https:\/\/muycritico.com.ar\/web\/index.php?rest_route=%2Fwp%2Fv2%2Fcategories&post=9945"},{"taxonomy":"post_tag","embeddable":true,"href":"https:\/\/muycritico.com.ar\/web\/index.php?rest_route=%2Fwp%2Fv2%2Ftags&post=9945"}],"curies":[{"name":"wp","href":"https:\/\/api.w.org\/{rel}","templated":true}]}}