{"id":9940,"date":"2025-09-18T15:27:08","date_gmt":"2025-09-18T18:27:08","guid":{"rendered":"https:\/\/muycritico.com.ar\/web\/?p=9940"},"modified":"2026-01-18T19:12:46","modified_gmt":"2026-01-18T22:12:46","slug":"el-riesgo-pais-se-dispara-tras-la-paliza-a-milei-en-el-congreso-y-los-bonos-en-dolares-se-hunden-mas-de-12","status":"publish","type":"post","link":"https:\/\/muycritico.com.ar\/web\/?p=9940","title":{"rendered":"EL RIESGO PA\u00cdS SE DISPARA TRAS LA PALIZA A MILEI EN EL CONGRESO Y LOS BONOS EN D\u00d3LARES SE HUNDEN M\u00c1S DE 12%"},"content":{"rendered":"<p><strong>El indicador de JP Morgan m\u00e1s que duplica su nivel de inicios de a\u00f1o. Las acciones argentinas se hunden hasta 7% en Nueva York y el Merval cae m\u00e1s de 6% en d\u00f3lares. Ni la \u00fanica buena noticia econ\u00f3mica se aprovecha<\/strong><\/p>\n<p><!--more--><\/p>\n<p>Una mayor confrontaci\u00f3n en lo pol\u00edtico y la persistente presi\u00f3n cambiaria en Argentina preocupan a los inversores internacionales y desde antes de la apertura de los mercados los bonos en d\u00f3lares extienden las ca\u00eddas que presentaron este mi\u00e9rcoles y el riesgo pa\u00eds sube un nuevo escal\u00f3n, a los 1.428 puntos b\u00e1sicos.<\/p>\n<p>Los t\u00edtulos en moneda extranjera se desploman hasta 12%, en un fuerte castigo a la coyuntura argentina, Solo en lo que va de septiembre, la deuda argentina ya perdi\u00f3 casi un 29% de su valor medido en d\u00f3lares. Despu\u00e9s del rev\u00e9s del mi\u00e9rcoles, los inversores siguen atentos a la sesi\u00f3n en el Senado que busca voltear el veto presidencial a los ATN.<\/p>\n<p>Seg\u00fan Clarin, el indicador de riesgo para la Argentina se duplica desde principios de a\u00f1o, de la mano de una creciente incertidumbre sobre la sostenibilidad del programa econ\u00f3mico de Javier Milei y la falta de acuerdos pol\u00edticos necesarios para poder profundizar las reformas. El \u00faltimo catalizador no s\u00f3lo fue el mal resultado en las elecciones bonaerenses, sino tambi\u00e9n el rev\u00e9s parlamentario a los vetos presidenciales.<\/p>\n<p>Al mismo tiempo, las ventas de US$ 53 millones de las reservas para contener al d\u00f3lar por primera vez desde abril \u00faltimo encendieron las alertas de los inversores sobre la capacidad de pago de la Argentina.<\/p>\n<p>En la consultora Quantum Finanzas estimaron: &#8220;Los pr\u00f3ximos vencimientos brutos (capital e intereses) de deuda soberana en moneda extranjera con acreedores privados son de US$ 4.500 millones en enero de 2026 y en julio de 2026, respectivamente. El total en 2026 asciende a US$ 14.000 millones, incluyendo pagos del BOPREAL del BCRA&#8221;.<\/p>\n<p>Los c\u00e1lculos de la consultora 1816, una de las m\u00e1s escuchadas en la City, empeoran si se toma en cuenta lo que queda pendiente hasta diciembre de 2027, fin de mandato de Javier Milei. &#8220;El pa\u00eds tiene que pagar en ese periodo US$ 9.500 millones netos al FMI (hay US$ 13.100 millones de vencimientos, pero desembolsos previstos por US$ 3.600 millones), US$ 800 millones al Club de Paris, US$ 15.600 millones entre Globales Bonares al sector privado (neteamos aqu\u00ed las tenencias de BCRA y FGS), US$ 4.800 millones de Bopreales (sin contar ni los Bopreales que tienen. puts asociados ni los emitidos para garant\u00eda de los repos) y US$ 3.500 millones por los repos que hizo el BCRA&#8221;.<\/p>\n<p>&#8220;En total, sin contar pagos a otros organismos internacionales (que podemos asumir que se renuevan), entre el Central y el Tesoro tienen vencimientos de capital e intereses por US$ 34&#8221;.<\/p>\n<p>\u00bfQu\u00e9 le pide el mercado a Milei? Por lo pronto, rever el esquema cambiario. &#8220;\u00bfC\u00f3mo sale el gobierno de esta encrucijada? Con plata o con pol\u00edtica. El problema es que la plata que necesita es de color verde. \u00bfSacar\u00e1 alg\u00fan conejo de la galera? \u00bfPodr\u00eda recibir alg\u00fan apoyo extra del &#8220;amigo&#8221; Trump? Veremos&#8221;, dijeron en Delphos, a la vez que agregaron: &#8220;Si por el contrario quisiera salir con pol\u00edtica, deber\u00eda cambiar la forma y el fondo. Del lado de los &#8220;ex&#8221; aliados todav\u00eda se percibe cierta predisposici\u00f3n de colaboraci\u00f3n, pero a cambio de compartir el poder. Y esto es lo que no parece gustarle al Jefe&#8221;.<\/p>\n<p>Argentina se desacopla as\u00ed del &#8220;tren de la alegr\u00eda global&#8221;. En la previa, la Reserva Federal recort\u00f3 su tasa de inter\u00e9s al 4% anual, lo que reaviva el apetito por deuda de pa\u00edses emergentes. El economista Gustavo Ber coment\u00f3: &#8220;Ajenos por completo al apetito por riesgo global contin\u00faan los activos dom\u00e9sticos, en medio de operadores aturdidos por los ruidos pol\u00edticos, lo cual viene acentuando la cautela durante este prolongado calendario electoral. As\u00ed es que se profundizan los castigos en las valuaciones, toda vez que los flujos contin\u00faan claramente al mando bajo una orientaci\u00f3n de ajuste de riesgos en las carteras&#8221;.<\/p>\n","protected":false},"excerpt":{"rendered":"<p>El indicador de JP Morgan m\u00e1s que duplica su nivel de inicios de a\u00f1o. Las acciones argentinas se hunden hasta 7% en Nueva York y el Merval cae m\u00e1s de 6% en d\u00f3lares. Ni la \u00fanica buena noticia econ\u00f3mica se aprovecha<\/p>\n","protected":false},"author":2,"featured_media":9941,"comment_status":"open","ping_status":"closed","sticky":false,"template":"","format":"standard","meta":{"footnotes":""},"categories":[6],"tags":[872],"class_list":["post-9940","post","type-post","status-publish","format-standard","has-post-thumbnail","hentry","category-notas","tag-victor-sacca"],"_links":{"self":[{"href":"https:\/\/muycritico.com.ar\/web\/index.php?rest_route=\/wp\/v2\/posts\/9940","targetHints":{"allow":["GET"]}}],"collection":[{"href":"https:\/\/muycritico.com.ar\/web\/index.php?rest_route=\/wp\/v2\/posts"}],"about":[{"href":"https:\/\/muycritico.com.ar\/web\/index.php?rest_route=\/wp\/v2\/types\/post"}],"author":[{"embeddable":true,"href":"https:\/\/muycritico.com.ar\/web\/index.php?rest_route=\/wp\/v2\/users\/2"}],"replies":[{"embeddable":true,"href":"https:\/\/muycritico.com.ar\/web\/index.php?rest_route=%2Fwp%2Fv2%2Fcomments&post=9940"}],"version-history":[{"count":1,"href":"https:\/\/muycritico.com.ar\/web\/index.php?rest_route=\/wp\/v2\/posts\/9940\/revisions"}],"predecessor-version":[{"id":9942,"href":"https:\/\/muycritico.com.ar\/web\/index.php?rest_route=\/wp\/v2\/posts\/9940\/revisions\/9942"}],"wp:featuredmedia":[{"embeddable":true,"href":"https:\/\/muycritico.com.ar\/web\/index.php?rest_route=\/wp\/v2\/media\/9941"}],"wp:attachment":[{"href":"https:\/\/muycritico.com.ar\/web\/index.php?rest_route=%2Fwp%2Fv2%2Fmedia&parent=9940"}],"wp:term":[{"taxonomy":"category","embeddable":true,"href":"https:\/\/muycritico.com.ar\/web\/index.php?rest_route=%2Fwp%2Fv2%2Fcategories&post=9940"},{"taxonomy":"post_tag","embeddable":true,"href":"https:\/\/muycritico.com.ar\/web\/index.php?rest_route=%2Fwp%2Fv2%2Ftags&post=9940"}],"curies":[{"name":"wp","href":"https:\/\/api.w.org\/{rel}","templated":true}]}}