{"id":9935,"date":"2025-09-17T14:14:05","date_gmt":"2025-09-17T17:14:05","guid":{"rendered":"https:\/\/muycritico.com.ar\/web\/?p=9935"},"modified":"2026-01-18T19:12:46","modified_gmt":"2026-01-18T22:12:46","slug":"las-obras-pluviales-en-san-martin-y-olavarria-prevendran-inundaciones","status":"publish","type":"post","link":"https:\/\/muycritico.com.ar\/web\/?p=9935","title":{"rendered":"LAS OBRAS PLUVIALES EN SAN MART\u00cdN Y OLAVARR\u00cdA PREVENDR\u00c1N INUNDACIONES"},"content":{"rendered":"<p><strong>La Municipalidad inici\u00f3 las tareas para la construcci\u00f3n de una alcantarilla que mejorar\u00e1 el drenaje de la abundante ca\u00edda de agua de lluvia en temporada estival. Habr\u00e1 corte de tr\u00e1nsito por 20 d\u00edas, aproximadamente.<\/strong><\/p>\n<p><!--more--><\/p>\n<p>La Municipalidad comenz\u00f3 con las tareas preliminares de la obra de prolongaci\u00f3n y refuncionalizaci\u00f3n del canal pluvial Vidt, en este caso a la altura de la avenida San Mart\u00edn al 2.100.<\/p>\n<p>Los trabajos consisten en la construcci\u00f3n e instalaci\u00f3n de una alcantarilla en la avenida San Mart\u00edn entre Olavarr\u00eda y Suipacha, lo que permitir\u00e1 un mejor drenaje del agua de lluvia, principalmente en \u00e9poca de tormentas.<\/p>\n<p>Estos trabajos lograr\u00e1n mitigar posibles anegamientos e inundaciones en las calzadas, particularmente en la zona de Urquiza y la v\u00eda del ferrocarril.<\/p>\n<p>Es importante destacar que, debido al inicio de las obras se dispuso de un operativo de corte y desv\u00edo del tr\u00e1nsito; por lo que se solicita a los conductores respetar las indicaciones.<\/p>\n<p>La medida ser\u00e1 de la siguiente manera:<\/p>\n<p>+ Quienes circulen por la avenida San Mart\u00edn en el sentido ESTE \u2013 OESTE deber\u00e1n tomar el desv\u00edo por la calle Ayacucho para luego retomar el sentido por la calle Alvarado.<\/p>\n<p>+ En el caso del sentido OESTE \u2013 ESTE, el desv\u00edo de circulaci\u00f3n en la avenida San Mart\u00edn se har\u00e1 por la calle Ing. Maury hasta el pasaje Brealito donde a posterior se circular\u00e1 por la calle San Luis hasta Olavarr\u00eda para retomar la avda. San Mart\u00edn.<\/p>\n<p><iframe loading=\"lazy\" title=\"Las obras pluviales en San Mart\u00edn y Olavarr\u00eda prevendr\u00e1n inundaciones\" width=\"696\" height=\"392\" src=\"https:\/\/www.youtube.com\/embed\/JH07oPUHNmU?feature=oembed\" frameborder=\"0\" allow=\"accelerometer; autoplay; clipboard-write; encrypted-media; gyroscope; picture-in-picture; web-share\" referrerpolicy=\"strict-origin-when-cross-origin\" allowfullscreen><\/iframe><\/p>\n","protected":false},"excerpt":{"rendered":"<p>La Municipalidad inici\u00f3 las tareas para la construcci\u00f3n de una alcantarilla que mejorar\u00e1 el drenaje de la abundante ca\u00edda de agua de lluvia en temporada estival. Habr\u00e1 corte de tr\u00e1nsito por 20 d\u00edas, aproximadamente.<\/p>\n","protected":false},"author":2,"featured_media":9936,"comment_status":"open","ping_status":"closed","sticky":false,"template":"","format":"standard","meta":{"footnotes":""},"categories":[6],"tags":[872],"class_list":["post-9935","post","type-post","status-publish","format-standard","has-post-thumbnail","hentry","category-notas","tag-victor-sacca"],"_links":{"self":[{"href":"https:\/\/muycritico.com.ar\/web\/index.php?rest_route=\/wp\/v2\/posts\/9935","targetHints":{"allow":["GET"]}}],"collection":[{"href":"https:\/\/muycritico.com.ar\/web\/index.php?rest_route=\/wp\/v2\/posts"}],"about":[{"href":"https:\/\/muycritico.com.ar\/web\/index.php?rest_route=\/wp\/v2\/types\/post"}],"author":[{"embeddable":true,"href":"https:\/\/muycritico.com.ar\/web\/index.php?rest_route=\/wp\/v2\/users\/2"}],"replies":[{"embeddable":true,"href":"https:\/\/muycritico.com.ar\/web\/index.php?rest_route=%2Fwp%2Fv2%2Fcomments&post=9935"}],"version-history":[{"count":1,"href":"https:\/\/muycritico.com.ar\/web\/index.php?rest_route=\/wp\/v2\/posts\/9935\/revisions"}],"predecessor-version":[{"id":9937,"href":"https:\/\/muycritico.com.ar\/web\/index.php?rest_route=\/wp\/v2\/posts\/9935\/revisions\/9937"}],"wp:featuredmedia":[{"embeddable":true,"href":"https:\/\/muycritico.com.ar\/web\/index.php?rest_route=\/wp\/v2\/media\/9936"}],"wp:attachment":[{"href":"https:\/\/muycritico.com.ar\/web\/index.php?rest_route=%2Fwp%2Fv2%2Fmedia&parent=9935"}],"wp:term":[{"taxonomy":"category","embeddable":true,"href":"https:\/\/muycritico.com.ar\/web\/index.php?rest_route=%2Fwp%2Fv2%2Fcategories&post=9935"},{"taxonomy":"post_tag","embeddable":true,"href":"https:\/\/muycritico.com.ar\/web\/index.php?rest_route=%2Fwp%2Fv2%2Ftags&post=9935"}],"curies":[{"name":"wp","href":"https:\/\/api.w.org\/{rel}","templated":true}]}}