{"id":9926,"date":"2025-09-17T11:07:14","date_gmt":"2025-09-17T14:07:14","guid":{"rendered":"https:\/\/muycritico.com.ar\/web\/?p=9926"},"modified":"2026-01-18T19:12:46","modified_gmt":"2026-01-18T22:12:46","slug":"lograron-rescatar-a-33-perros-extraviados-durante-la-fiesta-del-milagro","status":"publish","type":"post","link":"https:\/\/muycritico.com.ar\/web\/?p=9926","title":{"rendered":"LOGRARON RESCATAR A 33 PERROS EXTRAVIADOS DURANTE LA FIESTA DEL MILAGRO"},"content":{"rendered":"<p><strong>La Municipalidad solicita a los tenedores o responsables que retiren los canes del Centro de Adopciones, ubicado en la av. Gato y Mancha del barrio Don Emilio. En dicho lugar, los perros son castrados, vacunados contra la rabia y desparasitados.<\/strong><\/p>\n<p><!--more--><\/p>\n<p>Durante la fiesta del Milagro, la Municipalidad despleg\u00f3 un amplio operativo de bienestar animal que incluy\u00f3 identificaci\u00f3n de perros callejeros o vagabundos con el fin de poder devolverlos a sus tenedores o responsables comunitarios.<\/p>\n<p>Pablo D\u00edaz, director del Centro de Adopciones, manifest\u00f3 que \u201cestamos muy satisfechos con los trabajos realizados porque logramos rescatar perros identificados con collares o cintas de colores, esto nos permitir\u00e1 dar con sus tenedores de manera m\u00e1s r\u00e1pida\u201d.<\/p>\n<p>\u201cEn esta ocasi\u00f3n fueron 33 los perros que se encontraban extraviados en el centro de la ciudad y que fueron trasladados a los caniles del Centro de Adopciones, de los cuales seis ya fueron retirados y dos ser\u00e1n entregados esta misma semana luego de ser castrados\u201d, detall\u00f3 el funcionario.<\/p>\n<p>\u201cQuiero destacar y agradecer el compromiso de todo el personal del Centro de Adopciones que desde la semana pasada estuvo trabajando con tareas de concientizaci\u00f3n, de identificaci\u00f3n, de vacunaci\u00f3n antirr\u00e1bica, desparasitaci\u00f3n y curaciones\u201d, remarc\u00f3 D\u00edaz.<\/p>\n<p>Es importante destacar que, las personas que reconozcan a sus perros deber\u00e1n acreditar en el Centro de Adopciones su tenencia mediante alguna foto y DNI para poder realizar el seguimiento del animal.<\/p>\n<p><iframe loading=\"lazy\" title=\"Lograron rescatar a 33 perros extraviados durante la fiesta del Milagro\" width=\"696\" height=\"392\" src=\"https:\/\/www.youtube.com\/embed\/ohb1lpsgICQ?feature=oembed\" frameborder=\"0\" allow=\"accelerometer; autoplay; clipboard-write; encrypted-media; gyroscope; picture-in-picture; web-share\" referrerpolicy=\"strict-origin-when-cross-origin\" allowfullscreen><\/iframe><\/p>\n","protected":false},"excerpt":{"rendered":"<p>La Municipalidad solicita a los tenedores o responsables que retiren los canes del Centro de Adopciones, ubicado en la av. Gato y Mancha del barrio Don Emilio. En dicho lugar, los perros son castrados, vacunados contra la rabia y desparasitados.<\/p>\n","protected":false},"author":2,"featured_media":9927,"comment_status":"open","ping_status":"closed","sticky":false,"template":"","format":"standard","meta":{"footnotes":""},"categories":[6],"tags":[872],"class_list":["post-9926","post","type-post","status-publish","format-standard","has-post-thumbnail","hentry","category-notas","tag-victor-sacca"],"_links":{"self":[{"href":"https:\/\/muycritico.com.ar\/web\/index.php?rest_route=\/wp\/v2\/posts\/9926","targetHints":{"allow":["GET"]}}],"collection":[{"href":"https:\/\/muycritico.com.ar\/web\/index.php?rest_route=\/wp\/v2\/posts"}],"about":[{"href":"https:\/\/muycritico.com.ar\/web\/index.php?rest_route=\/wp\/v2\/types\/post"}],"author":[{"embeddable":true,"href":"https:\/\/muycritico.com.ar\/web\/index.php?rest_route=\/wp\/v2\/users\/2"}],"replies":[{"embeddable":true,"href":"https:\/\/muycritico.com.ar\/web\/index.php?rest_route=%2Fwp%2Fv2%2Fcomments&post=9926"}],"version-history":[{"count":1,"href":"https:\/\/muycritico.com.ar\/web\/index.php?rest_route=\/wp\/v2\/posts\/9926\/revisions"}],"predecessor-version":[{"id":9928,"href":"https:\/\/muycritico.com.ar\/web\/index.php?rest_route=\/wp\/v2\/posts\/9926\/revisions\/9928"}],"wp:featuredmedia":[{"embeddable":true,"href":"https:\/\/muycritico.com.ar\/web\/index.php?rest_route=\/wp\/v2\/media\/9927"}],"wp:attachment":[{"href":"https:\/\/muycritico.com.ar\/web\/index.php?rest_route=%2Fwp%2Fv2%2Fmedia&parent=9926"}],"wp:term":[{"taxonomy":"category","embeddable":true,"href":"https:\/\/muycritico.com.ar\/web\/index.php?rest_route=%2Fwp%2Fv2%2Fcategories&post=9926"},{"taxonomy":"post_tag","embeddable":true,"href":"https:\/\/muycritico.com.ar\/web\/index.php?rest_route=%2Fwp%2Fv2%2Ftags&post=9926"}],"curies":[{"name":"wp","href":"https:\/\/api.w.org\/{rel}","templated":true}]}}