{"id":9922,"date":"2025-09-17T10:53:46","date_gmt":"2025-09-17T13:53:46","guid":{"rendered":"https:\/\/muycritico.com.ar\/web\/?p=9922"},"modified":"2026-01-18T19:12:46","modified_gmt":"2026-01-18T22:12:46","slug":"muerte-del-chino-saavedra-cuatro-efectivos-fueron-preventivamente-suspendidos","status":"publish","type":"post","link":"https:\/\/muycritico.com.ar\/web\/?p=9922","title":{"rendered":"MUERTE DEL CHINO SAAVEDRA: CUATRO EFECTIVOS FUERON PREVENTIVAMENTE SUSPENDIDOS"},"content":{"rendered":"<p><strong>Tras la realizaci\u00f3n de la autopsia con la participaci\u00f3n de un perito presentado por su familia y el informe preliminar que consigna que el deceso se produjo por shock hipovol\u00e9mico por herida cortante en brazo izquierdo, el panorama muestra un suicidio muros adentro con la flagrante responsabilidad de la Oficina Judicial, quien no supo mantener a salvo a un interno que esperaba su juicio.<\/strong><\/p>\n<p><!--more--><\/p>\n<p>El fiscal penal 1 de la Unidad de Graves Atentados contra las Personas en turno, Santiago L\u00f3pez Soto, inform\u00f3 que desde la jornada de este lunes 15, se desplegaron diversas tareas investigativas para esclarecer las circunstancias del fallecimiento de Javier Nicol\u00e1s Saavedra, ocurrido en la Alcaid\u00eda General de la ciudad de Salta.<\/p>\n<p>En este marco, personal del Departamento de Criminal\u00edstica del CIF intervino en la escena, realizando un abordaje t\u00e9cnico y la recolecci\u00f3n de evidencias materiales. A ello se sum\u00f3 el an\u00e1lisis del sistema de c\u00e1maras internas del establecimiento penitenciario, correspondientes a los momentos previos y concomitantes al hecho, junto con las diligencias llevadas adelante por los investigadores del Departamento de Investigaciones del CIF y del Cuerpo Especial de Investigaciones (CEI), quienes efectuaron entrevistas y otras medidas de relevancia.<\/p>\n<p>Finalmente, este martes se llev\u00f3 a cabo la autopsia m\u00e9dico legal, con la participaci\u00f3n de un perito de parte, designado por la familia.<\/p>\n<p>El informe preliminar expone que el cuerpo presenta una herida cortante en el pliegue del codo izquierdo con lesi\u00f3n vascular, siendo la causa de muerte un shock hipovol\u00e9mico.<\/p>\n<p>El fiscal L\u00f3pez Soto destac\u00f3 que, a partir de todas las tareas investigativas realizadas hasta la fecha \u2014incluyendo el abordaje de la escena, la recolecci\u00f3n de evidencias, el an\u00e1lisis de c\u00e1maras internas y la incorporaci\u00f3n de manuscritos encontrados tanto entre las prendas que vest\u00eda al momento del hecho como en sus pertenencias dentro de la celda\u2014, junto con la autopsia, no surge evidencia de intervenci\u00f3n de terceras personas en el fallecimiento de Saavedra.<\/p>\n<p>Asimismo, subray\u00f3 que todas las medidas procesales necesarias contin\u00faan en curso con el objetivo de lograr un esclarecimiento del hecho.<\/p>\n<p><img loading=\"lazy\" decoding=\"async\" class=\"aligncenter size-full wp-image-9924\" src=\"https:\/\/muycritico.com.ar\/web\/wp-content\/uploads\/2025\/09\/alcaldia.jpg\" alt=\"\" width=\"696\" height=\"470\" \/><\/p>\n<p><strong>El Servicio Penitenciario emiti\u00f3 el siguiente comunicado:<\/strong><\/p>\n<p><em>\u201cAnte el lamentable fallecimiento del detenido provincial alojado en el pabell\u00f3n D, el Servicio Penitenciario de Salta expresa sus condolencias a familiares y allegados. El hecho se registr\u00f3 en la tarde de ayer. (por el lunes).<\/em><\/p>\n<p><em>Se tom\u00f3 conocimiento de la presencia de un interno herido en el ba\u00f1o por parte de otro penado del pabell\u00f3n. Intervino el \u00e1rea de sanidad y se traslad\u00f3 al paciente al hospital Se\u00f1or del Milagro.<\/em><\/p>\n<p><em>Trabaj\u00f3 en el lugar del hecho personal del CIF y la Fiscal\u00eda de Graves Atentados contra las Personas. En tanto, de inmediato se inici\u00f3 una investigaci\u00f3n exhaustiva para determinar responsabilidades institucionales. Hasta el momento cuatro efectivos del Departamento de Vigilancia y Tratamiento fueron preventivamente suspendidos. El SPPS se encuentra a disposici\u00f3n de los requerimientos del Ministerio P\u00fablico Fiscal cumpliendo todas las disposiciones a fin de contribuir con la transparencia y normal desarrollo de la investigaci\u00f3n penal. En este marco, es todo cuanto se puede informar.\u201d<\/em><\/p>\n","protected":false},"excerpt":{"rendered":"<p>Tras la realizaci\u00f3n de la autopsia con la participaci\u00f3n de un perito presentado por su familia y el informe preliminar que consigna que el deceso se produjo por shock hipovol\u00e9mico por herida cortante en brazo izquierdo, el panorama muestra un suicidio muros adentro con la flagrante responsabilidad de la Oficina Judicial, quien no supo mantener [&hellip;]<\/p>\n","protected":false},"author":2,"featured_media":9923,"comment_status":"open","ping_status":"closed","sticky":false,"template":"","format":"standard","meta":{"footnotes":""},"categories":[6],"tags":[872],"class_list":["post-9922","post","type-post","status-publish","format-standard","has-post-thumbnail","hentry","category-notas","tag-victor-sacca"],"_links":{"self":[{"href":"https:\/\/muycritico.com.ar\/web\/index.php?rest_route=\/wp\/v2\/posts\/9922","targetHints":{"allow":["GET"]}}],"collection":[{"href":"https:\/\/muycritico.com.ar\/web\/index.php?rest_route=\/wp\/v2\/posts"}],"about":[{"href":"https:\/\/muycritico.com.ar\/web\/index.php?rest_route=\/wp\/v2\/types\/post"}],"author":[{"embeddable":true,"href":"https:\/\/muycritico.com.ar\/web\/index.php?rest_route=\/wp\/v2\/users\/2"}],"replies":[{"embeddable":true,"href":"https:\/\/muycritico.com.ar\/web\/index.php?rest_route=%2Fwp%2Fv2%2Fcomments&post=9922"}],"version-history":[{"count":1,"href":"https:\/\/muycritico.com.ar\/web\/index.php?rest_route=\/wp\/v2\/posts\/9922\/revisions"}],"predecessor-version":[{"id":9925,"href":"https:\/\/muycritico.com.ar\/web\/index.php?rest_route=\/wp\/v2\/posts\/9922\/revisions\/9925"}],"wp:featuredmedia":[{"embeddable":true,"href":"https:\/\/muycritico.com.ar\/web\/index.php?rest_route=\/wp\/v2\/media\/9923"}],"wp:attachment":[{"href":"https:\/\/muycritico.com.ar\/web\/index.php?rest_route=%2Fwp%2Fv2%2Fmedia&parent=9922"}],"wp:term":[{"taxonomy":"category","embeddable":true,"href":"https:\/\/muycritico.com.ar\/web\/index.php?rest_route=%2Fwp%2Fv2%2Fcategories&post=9922"},{"taxonomy":"post_tag","embeddable":true,"href":"https:\/\/muycritico.com.ar\/web\/index.php?rest_route=%2Fwp%2Fv2%2Ftags&post=9922"}],"curies":[{"name":"wp","href":"https:\/\/api.w.org\/{rel}","templated":true}]}}