{"id":9908,"date":"2025-09-17T02:42:05","date_gmt":"2025-09-17T05:42:05","guid":{"rendered":"https:\/\/muycritico.com.ar\/web\/?p=9908"},"modified":"2026-01-18T15:36:08","modified_gmt":"2026-01-18T18:36:08","slug":"cronica-de-un-suicidio-anunciado","status":"publish","type":"post","link":"https:\/\/muycritico.com.ar\/web\/?p=9908","title":{"rendered":"CR\u00d3NICA DE UN SUICIDIO ANUNCIADO"},"content":{"rendered":"<p><strong>Ante el espeluznante giro que dio el caso Jimena Salas con la muerte de Javier Saavedra en el interior de la alcald\u00eda, bajo responsabilidad de la Oficina Judicial, que no pudo mantenerlo con vida para que pudiera afrontar el juicio que lo ten\u00eda como imputado por el brutal femicidio ocurrido en 2017; se inici\u00f3 una investigaci\u00f3n para dilucidar como fueron los \u00faltimos d\u00edas del reo.<\/strong><\/p>\n<p><!--more--><\/p>\n<p>\u201cEn twitter la verdad no importa\u201d, dijo Mario Pergolini durante una entrevista. Parece ser el eje coyuntural de la discusi\u00f3n social que produjo la muerte de <strong>Javier \u201cel Chino\u201d Saavedra<\/strong>, muros adentro de la alcald\u00eda a solo 12 horas de ser juzgado por el bestial femicidio de <strong>Jimena Salas<\/strong>, el ya lejano 27 de enero de 2017.<\/p>\n<p>El martes 16 de setiembre de 2025 iba a dar comienzo \u201cel juicio del siglo\u201d, t\u00edtulo referencial que se le ocurri\u00f3 a quien redacta la presente nota de modo expl\u00edcito, ante la expectativa del desarrollo del debate oral y p\u00fablico m\u00e1s esperado del a\u00f1o en el contexto judicial.<\/p>\n<p>Pero solo bast\u00f3 una hoja de \u201cGillette\u201d y un balde para que Javier Nicol\u00e1s Saavedra se tomara el \u201cExpreso de medianoche\u201d y haya privado a toda una sociedad de algo tan elemental pero tan valioso como lo es la verdad en una sociedad fam\u00e9lica de este pilar de la institucionalidad.<\/p>\n<blockquote class=\"instagram-media\" style=\"background: #FFF; border: 0; border-radius: 3px; box-shadow: 0 0 1px 0 rgba(0,0,0,0.5),0 1px 10px 0 rgba(0,0,0,0.15); margin: 1px; max-width: 540px; min-width: 326px; padding: 0; width: calc(100% - 2px);\" data-instgrm-captioned=\"\" data-instgrm-permalink=\"https:\/\/www.instagram.com\/reel\/DO2EFXkkZAC\/?utm_source=ig_embed&amp;utm_campaign=loading\" data-instgrm-version=\"14\">\n<div style=\"padding: 16px;\">\n<p>&nbsp;<\/p>\n<div style=\"display: flex; flex-direction: row; align-items: center;\">\n<div style=\"background-color: #f4f4f4; border-radius: 50%; flex-grow: 0; height: 40px; margin-right: 14px; width: 40px;\"><\/div>\n<div style=\"display: flex; flex-direction: column; flex-grow: 1; justify-content: center;\">\n<div style=\"background-color: #f4f4f4; border-radius: 4px; flex-grow: 0; height: 14px; margin-bottom: 6px; width: 100px;\"><\/div>\n<div style=\"background-color: #f4f4f4; border-radius: 4px; flex-grow: 0; height: 14px; width: 60px;\"><\/div>\n<\/div>\n<\/div>\n<div style=\"padding: 19% 0;\"><\/div>\n<div style=\"display: block; height: 50px; margin: 0 auto 12px; width: 50px;\"><\/div>\n<div style=\"padding-top: 8px;\">\n<div style=\"color: #3897f0; font-family: Arial,sans-serif; font-size: 14px; font-style: normal; font-weight: 550; line-height: 18px;\">Ver esta publicaci\u00f3n en Instagram<\/div>\n<\/div>\n<div style=\"padding: 12.5% 0;\"><\/div>\n<div style=\"display: flex; flex-direction: row; margin-bottom: 14px; align-items: center;\">\n<div>\n<div style=\"background-color: #f4f4f4; border-radius: 50%; height: 12.5px; width: 12.5px; transform: translateX(0px) translateY(7px);\"><\/div>\n<div style=\"background-color: #f4f4f4; height: 12.5px; transform: rotate(-45deg) translateX(3px) translateY(1px); width: 12.5px; flex-grow: 0; margin-right: 14px; margin-left: 2px;\"><\/div>\n<div style=\"background-color: #f4f4f4; border-radius: 50%; height: 12.5px; width: 12.5px; transform: translateX(9px) translateY(-18px);\"><\/div>\n<\/div>\n<div style=\"margin-left: 8px;\">\n<div style=\"background-color: #f4f4f4; border-radius: 50%; flex-grow: 0; height: 20px; width: 20px;\"><\/div>\n<div style=\"width: 0; height: 0; border-top: 2px solid transparent; border-left: 6px solid #f4f4f4; border-bottom: 2px solid transparent; transform: translateX(16px) translateY(-4px) rotate(30deg);\"><\/div>\n<\/div>\n<div style=\"margin-left: auto;\">\n<div style=\"width: 0px; border-top: 8px solid #F4F4F4; border-right: 8px solid transparent; transform: translateY(16px);\"><\/div>\n<div style=\"background-color: #f4f4f4; flex-grow: 0; height: 12px; width: 16px; transform: translateY(-4px);\"><\/div>\n<div style=\"width: 0; height: 0; border-top: 8px solid #F4F4F4; border-left: 8px solid transparent; transform: translateY(-4px) translateX(8px);\"><\/div>\n<\/div>\n<\/div>\n<div style=\"display: flex; flex-direction: column; flex-grow: 1; justify-content: center; margin-bottom: 24px;\">\n<div style=\"background-color: #f4f4f4; border-radius: 4px; flex-grow: 0; height: 14px; margin-bottom: 6px; width: 224px;\"><\/div>\n<div style=\"background-color: #f4f4f4; border-radius: 4px; flex-grow: 0; height: 14px; width: 144px;\"><\/div>\n<\/div>\n<p>&nbsp;<\/p>\n<p style=\"color: #c9c8cd; font-family: Arial,sans-serif; font-size: 14px; line-height: 17px; margin-bottom: 0; margin-top: 8px; overflow: hidden; padding: 8px 0 7px; text-align: center; text-overflow: ellipsis; white-space: nowrap;\"><a style=\"color: #c9c8cd; font-family: Arial,sans-serif; font-size: 14px; font-style: normal; font-weight: normal; line-height: 17px; text-decoration: none;\" href=\"https:\/\/www.instagram.com\/reel\/DO2EFXkkZAC\/?utm_source=ig_embed&amp;utm_campaign=loading\" target=\"_blank\" rel=\"noopener\">Una publicaci\u00f3n compartida por Muy Critico (@muycriticodigital)<\/a><\/p>\n<\/div>\n<\/blockquote>\n<p><script async src=\"\/\/www.instagram.com\/embed.js\"><\/script><\/p>\n<p>\u201cSin la verdad no somos nada\u201d, dijo una vez el fiscal de distrito de Nueva Orleans, Jim Garrison. Solo que el fiscal que llev\u00f3 adelante el \u00fanico caso por el magnicidio de JFK no viv\u00eda en la era de las redes sociales, donde la discusi\u00f3n pasa por trending topic y la cantidad de likes.<\/p>\n<p>En ese perverso escenario aparecen los que dan el tilde por un suicidio y cuantos dan like por imaginar una trama digna de una serie de Netflix dentro de los muros de la alcald\u00eda de Salta. All\u00ed donde hasta el d\u00eda de la procesi\u00f3n del Se\u00f1or y la Virgen del Milagro, estaba alojado el acusado de cometer el peor de los cr\u00edmenes que se pueda tolerar, el de asesinar a una madre en frente de sus peque\u00f1as hijas y escapar por 5 a\u00f1os a los lejanos parajes de Santa Victoria Este. Pero nada de eso se prob\u00f3 ni se probar\u00e1.<\/p>\n<p><strong>Pastillas, una Gillette y un balde<\/strong><\/p>\n<p>Una fuente altamente confiable detall\u00f3 a MUY CRITICO como sucedieron los hechos los \u00faltimos 4 d\u00edas en la vida de Javier Saavedra. El viernes 12 comenz\u00f3 el plan de \u201cescape\u201d del Chino, el cual no inclu\u00eda los pr\u00f3ximos 35 a\u00f1os en el <em>S\u00e9ptimo C\u00edrculo del Infierno<\/em>, donde anidan los homicidas y quienes no necesariamente como relata Dante Alighieri ser\u00e1n \u201csumergidos en un r\u00edo de sangre hirviente, vigilados por centauros\u201d, sino que se hundir\u00e1n en la ignominia social, en esa letrina que es la Unidad Penal de Villa Las Rosas.<\/p>\n<p>Aquel viernes, Javier traz\u00f3 un plan A y un plan B. El primero habr\u00eda consistido en \u201cempastillarse\u201d hasta lograr el nirvana que lo hiciera llegar al estado de liberaci\u00f3n y paz suprema que se alcanza al extinguir el sufrimiento, los deseos y el ciclo de renacimientos.<\/p>\n<p>Toda esta po\u00e9tica forma de relato no obedece a trazar un paralelismo con la bit\u00e1cora que Saavedra ven\u00eda redactando durante su confinamiento, sino la de acercarse a un estado de gracia que una mente privilegiada como la del acusado pod\u00eda anidar, ya que un hombre que ha permanecido pr\u00f3fugo de la justicia durante 5 largos a\u00f1os es, al menos, algo a tener en cuenta a la hora de meditar a quien se iba a sentar en ese banquillo de los acusados durante 2 meses; mientras se iba a ir desandando el camino del horror. Ese que conjuga en todas sus vertientes directo hacia aquel fat\u00eddico medio d\u00eda del 27 de enero de 2017.<\/p>\n<p>Las pastillas no dieron resultado y Javier pas\u00f3 el s\u00e1bado y el domingo en condiciones sanitarias que denotaban claramente la ingesta de f\u00e1rmacos que hab\u00edan ralentizado su sistema nervioso. Pero los funcionarios de la <strong>Oficina Judicial<\/strong> jam\u00e1s lo notaron porque para ellos Javier Nicol\u00e1s Saavedra era \u201cun reo m\u00e1s\u201d. Apenas un n\u00famero que completa la n\u00f3mina que pasa a engrosar la poblaci\u00f3n carcelaria de la alcald\u00eda.<\/p>\n<p>All\u00ed cabe la pregunta incomoda \u00bfC\u00f3mo entran esas pastillas a la alcald\u00eda? pues el dilema lo respondi\u00f3 un recluso que prest\u00f3 su testimonio durante una audiencia del juicio contra los funcionarios del servicio penitenciario que justamente se sigue desarrollando en la Sala de Grandes juicios: \u201cEn la c\u00e1rcel podes conseguir lo que quieras\u201d, dijo bajo juramento ante el tribunal.<\/p>\n<p>\u00bfY una Gillette? por supuesto que s\u00ed. Lo cual formaba parte de la segunda opci\u00f3n del plan de escape del Chino, m\u00e1s un balde donde introducir sus mu\u00f1ecas flageladas, las cuales se desangrar\u00edan hasta desvanecerlo y perder el conocimiento. Estado en el cual lo encontr\u00f3 un compa\u00f1ero de confinamiento, en un shock hipovol\u00e9mico.<\/p>\n<p>A solo 12 horas de ser juzgado Javier logr\u00f3 su cometido, concluir su plan de escape hacia el nirvana. All\u00ed donde ya nadie le har\u00eda preguntas, ni le mostrar\u00eda la bater\u00eda de pruebas que hab\u00eda preparado la fiscal\u00eda para mandarlo a la sombra bajo la pena m\u00e1xima. Ya nadie podr\u00eda se\u00f1alarlo delante de su madre, de sus hermanos, de su familia, de los franciscanos que creyeron en su inocencia\u2026 y en su historia de vida.<\/p>\n<p><img loading=\"lazy\" decoding=\"async\" class=\"aligncenter size-full wp-image-9911\" src=\"https:\/\/muycritico.com.ar\/web\/wp-content\/uploads\/2025\/09\/Jimena-Salas-750x420-1.jpg\" alt=\"\" width=\"545\" height=\"420\" \/><\/p>\n<p><strong>\u201cMat\u00f3 a Jimena Salas dos veces\u201d<\/strong><\/p>\n<p>Su muerte lo libera completamente de cargar con el martirio de ser confinado en el fondo de una letrina como Villa Las Rosas, donde todo el sistema est\u00e1 podrido y cabeza abajo, donde los protocolos dejaron de funcionar hace a\u00f1os, o quiz\u00e1s jam\u00e1s funcionaron porque no seamos hip\u00f3critas\u2026 \u00bfa quien le importan un montos de asesinos, violadores, degenerados y ladronzuelos que constituyen el ultimo escal\u00f3n de una pir\u00e1mide social que solo beneficia a los desvergonzados?<\/p>\n<p>El d\u00eda que el Chino Saavedra logr\u00f3 el nirvana alguien dijo \u201cmat\u00f3 a Jimena Salas dos veces\u201d. Puede que sea una verdad po\u00e9tica pero es un hecho. La victima de esta historia recibi\u00f3 45 pu\u00f1aladas y muri\u00f3 dentro de su hogar, donde se cre\u00eda a salvo.<\/p>\n<p>Muri\u00f3 ante los ojos de sus hijas, pensando en esos \u00faltimos sangrientos segundos que sus ni\u00f1as seguir\u00edan su tr\u00e1gico destino. Pero afortunadamente el asesino quiz\u00e1s producto de heridas defensivas que le propin\u00f3 la v\u00edctima y un peque\u00f1o milagro, desisti\u00f3 y llev\u00f3 a las ni\u00f1as al ba\u00f1o, donde las encerr\u00f3, dejando un rastro de sangre en la ropa de una de ellas. La misma sangre de Javier Saavedra. Pero \u00bffue Javier Saavedra quien dej\u00f3 esa sangre en la ropa de la ni\u00f1a? \u00bfEso lo convierte en el asesino? Tal vez no, porque seg\u00fan los investigadores hubo otro hombre ese d\u00eda en esa casa. \u00bfQuiz\u00e1s el verdadero asesino? \u00bfEl \u201chombre 2\u201d? \u00bfEl c\u00f3mplice de Javier Saavedra?<\/p>\n<p>Son demasiadas preguntas para un solo caso. Hay m\u00e1s\u2026 \u00bfQu\u00e9 hac\u00eda Javier Saavedra sentado en el sill\u00f3n del living de la casa de Jimena Salas despu\u00e9s de que ella se cruz\u00f3 a la vereda del frente para preguntarle a su vecina por la perrita de la foto que acababa de tomar con su tel\u00e9fono?<\/p>\n<p><img loading=\"lazy\" decoding=\"async\" class=\"aligncenter size-full wp-image-9918\" src=\"https:\/\/muycritico.com.ar\/web\/wp-content\/uploads\/2025\/09\/SAAVEDRA-CANICHE-TOY.jpg\" alt=\"\" width=\"778\" height=\"434\" srcset=\"https:\/\/muycritico.com.ar\/web\/wp-content\/uploads\/2025\/09\/SAAVEDRA-CANICHE-TOY.jpg 778w, https:\/\/muycritico.com.ar\/web\/wp-content\/uploads\/2025\/09\/SAAVEDRA-CANICHE-TOY-768x428.jpg 768w\" sizes=\"auto, (max-width: 778px) 100vw, 778px\" \/><\/p>\n<p>Su sudor estaba all\u00ed. Era un d\u00eda caluroso de fines de enero de un verano agobiante como lo fue aquel de 2017. Hab\u00eda vellos y goteos de sangre por toda la casa. Son 14 muestras recogidas por el CIF las que se preservaron despu\u00e9s de que el asesino \u2013unas horas antes\u2013 hab\u00eda destrozado el celular en la ruta. El que conten\u00eda la foto que llev\u00f3 a los sabuesos hasta una b\u00fasqueda que recorri\u00f3 los servidores de las redes sociales, que pas\u00f3 por la Universidad Cat\u00f3lica y termin\u00f3 en un paraje de Santa Victoria Este.<\/p>\n<p>Lamentablemente jam\u00e1s se podr\u00e1 reconstruir un caso escalofriante que incluso fue se\u00f1alado por la Prensa local como peor a\u00fan que el <strong>doble crimen de las turistas francesas<\/strong>, ya que contiene ese elemento inquietante que se\u00f1ala el escritor Anthony Burgess en su obra <em>A Clockwork Orange<\/em> publicada en 1962, donde describe el peor de los temores. El de ser atacado en el lugar donde te crees a salvo, es decir tu propio hogar.<\/p>\n<p>Dicen que dej\u00f3 una carta, que tambi\u00e9n escrib\u00eda una bit\u00e1cora. Seguramente ser\u00e1n materia de estudio y an\u00e1lisis de los forenses y ojal\u00e1 lo sean de la sociedad, la cual jam\u00e1s podr\u00e1 conocer los eventos acaecidos aquel medio d\u00eda del 27 de enero de 2017.<\/p>\n<p>Con la muerte de Javier Saavedra se extingue la acci\u00f3n penal en su contra, muere la verdad y muere otra vez Jimena Salas. Solo queda esperar hasta el 24 de setiembre cuando sus hermanos sean juzgados en un debate que seguramente los absolver\u00e1 de culpa y cargo, ya que los dos imputados es altamente probable que jam\u00e1s hayan estado por Vaqueros aquel tr\u00e1gico d\u00eda.<\/p>\n","protected":false},"excerpt":{"rendered":"<p>Ante el espeluznante giro que dio el caso Jimena Salas con la muerte de Javier Saavedra en el interior de la alcald\u00eda, bajo responsabilidad de la Oficina Judicial, que no pudo mantenerlo con vida para que pudiera afrontar el juicio que lo ten\u00eda como imputado por el brutal femicidio ocurrido en 2017; se inici\u00f3 una [&hellip;]<\/p>\n","protected":false},"author":2,"featured_media":9909,"comment_status":"open","ping_status":"closed","sticky":false,"template":"","format":"standard","meta":{"footnotes":""},"categories":[3],"tags":[277,42,1247,872],"class_list":["post-9908","post","type-post","status-publish","format-standard","has-post-thumbnail","hentry","category-editorial","tag-javier-el-chino-saavedra","tag-jimena-salas","tag-oficina-judicial","tag-victor-sacca"],"_links":{"self":[{"href":"https:\/\/muycritico.com.ar\/web\/index.php?rest_route=\/wp\/v2\/posts\/9908","targetHints":{"allow":["GET"]}}],"collection":[{"href":"https:\/\/muycritico.com.ar\/web\/index.php?rest_route=\/wp\/v2\/posts"}],"about":[{"href":"https:\/\/muycritico.com.ar\/web\/index.php?rest_route=\/wp\/v2\/types\/post"}],"author":[{"embeddable":true,"href":"https:\/\/muycritico.com.ar\/web\/index.php?rest_route=\/wp\/v2\/users\/2"}],"replies":[{"embeddable":true,"href":"https:\/\/muycritico.com.ar\/web\/index.php?rest_route=%2Fwp%2Fv2%2Fcomments&post=9908"}],"version-history":[{"count":9,"href":"https:\/\/muycritico.com.ar\/web\/index.php?rest_route=\/wp\/v2\/posts\/9908\/revisions"}],"predecessor-version":[{"id":10003,"href":"https:\/\/muycritico.com.ar\/web\/index.php?rest_route=\/wp\/v2\/posts\/9908\/revisions\/10003"}],"wp:featuredmedia":[{"embeddable":true,"href":"https:\/\/muycritico.com.ar\/web\/index.php?rest_route=\/wp\/v2\/media\/9909"}],"wp:attachment":[{"href":"https:\/\/muycritico.com.ar\/web\/index.php?rest_route=%2Fwp%2Fv2%2Fmedia&parent=9908"}],"wp:term":[{"taxonomy":"category","embeddable":true,"href":"https:\/\/muycritico.com.ar\/web\/index.php?rest_route=%2Fwp%2Fv2%2Fcategories&post=9908"},{"taxonomy":"post_tag","embeddable":true,"href":"https:\/\/muycritico.com.ar\/web\/index.php?rest_route=%2Fwp%2Fv2%2Ftags&post=9908"}],"curies":[{"name":"wp","href":"https:\/\/api.w.org\/{rel}","templated":true}]}}