{"id":9905,"date":"2025-09-16T19:08:35","date_gmt":"2025-09-16T22:08:35","guid":{"rendered":"https:\/\/muycritico.com.ar\/web\/?p=9905"},"modified":"2026-01-18T19:12:47","modified_gmt":"2026-01-18T22:12:47","slug":"se-desarrollo-una-nueva-edicion-de-la-feria-artesanal-en-el-paseo-de-los-poetas","status":"publish","type":"post","link":"https:\/\/muycritico.com.ar\/web\/?p=9905","title":{"rendered":"SE DESARROLL\u00d3 UNA NUEVA EDICI\u00d3N DE LA FERIA ARTESANAL EN EL PASEO DE LOS POETAS"},"content":{"rendered":"<p><strong>M\u00e1s de 40 artesanos y emprendedores locales ofrecieron diversidad de productos, al igual que lo hacen todos viernes (feriados) y s\u00e1bados. Hubo una gran concurrencia de familias, salte\u00f1os y turistas.<\/strong><\/p>\n<p><!--more--><\/p>\n<p>Para que los ciudadanos puedan disfrutar de sus d\u00edas de ocio, la Municipalidad de Salta ofrece todos los fines de semana diferentes y atractivas propuestas.<\/p>\n<p>En esta oportunidad, se llev\u00f3 a cabo una nueva edici\u00f3n de la Feria Artesanal del Paseo de los Poetas.<\/p>\n<p>M\u00e1s de 40 artesanos ofrecieron sus productos que elaboran a mano. Destacan que hubo una gran convocatoria.<\/p>\n<p>\u201cEstamos felices de ofrecer nuestros productos cada fin de semana. En esta ocasi\u00f3n agradecemos como siempre a la Municipalidad por el espacio, el cual nos brinda muchos beneficios\u201d, dijo Marcos Mart\u00ednez delegado suplente de feria.<\/p>\n<p>Adem\u00e1s, todos los comerciantes se mostraron felices, como Jaime, quien es originario de Venezuela y comercializa sus arepas, y expres\u00f3 que est\u00e1 agradecido con la oportunidad que brinda el municipio.<\/p>\n<p>Se ofrecieron artesan\u00edas en madera, todo tipo de tejidos como a crochet, a dos agujas y en telar, resina, decoraci\u00f3n textil, macram\u00e9, decoraci\u00f3n con diferentes t\u00e9cnicas en madera y vidrio como el puntillismo y decoupage.<\/p>\n<p>Tambi\u00e9n hubo un puesto exclusivo de mates y bombillas artesanales, otros de bijouterie y otros de gastronom\u00eda regional con distintas opciones para disfrutar y para el p\u00fablico m\u00e1s joven y moderno, puestos dedicados a la sublimaci\u00f3n y realizaci\u00f3n de stickers con los dise\u00f1os m\u00e1s originales para regalar y regalarse.<\/p>\n<p><iframe loading=\"lazy\" title=\"El fin de semana se llev\u00f3 a cabo una nueva edici\u00f3n de la Feria Artesanal en el Paseo de los Poetas\" width=\"696\" height=\"392\" src=\"https:\/\/www.youtube.com\/embed\/W0N5pJK7h74?feature=oembed\" frameborder=\"0\" allow=\"accelerometer; autoplay; clipboard-write; encrypted-media; gyroscope; picture-in-picture; web-share\" referrerpolicy=\"strict-origin-when-cross-origin\" allowfullscreen><\/iframe><\/p>\n","protected":false},"excerpt":{"rendered":"<p>M\u00e1s de 40 artesanos y emprendedores locales ofrecieron diversidad de productos, al igual que lo hacen todos viernes (feriados) y s\u00e1bados. Hubo una gran concurrencia de familias, salte\u00f1os y turistas.<\/p>\n","protected":false},"author":2,"featured_media":9906,"comment_status":"open","ping_status":"closed","sticky":false,"template":"","format":"standard","meta":{"footnotes":""},"categories":[6],"tags":[872],"class_list":["post-9905","post","type-post","status-publish","format-standard","has-post-thumbnail","hentry","category-notas","tag-victor-sacca"],"_links":{"self":[{"href":"https:\/\/muycritico.com.ar\/web\/index.php?rest_route=\/wp\/v2\/posts\/9905","targetHints":{"allow":["GET"]}}],"collection":[{"href":"https:\/\/muycritico.com.ar\/web\/index.php?rest_route=\/wp\/v2\/posts"}],"about":[{"href":"https:\/\/muycritico.com.ar\/web\/index.php?rest_route=\/wp\/v2\/types\/post"}],"author":[{"embeddable":true,"href":"https:\/\/muycritico.com.ar\/web\/index.php?rest_route=\/wp\/v2\/users\/2"}],"replies":[{"embeddable":true,"href":"https:\/\/muycritico.com.ar\/web\/index.php?rest_route=%2Fwp%2Fv2%2Fcomments&post=9905"}],"version-history":[{"count":1,"href":"https:\/\/muycritico.com.ar\/web\/index.php?rest_route=\/wp\/v2\/posts\/9905\/revisions"}],"predecessor-version":[{"id":9907,"href":"https:\/\/muycritico.com.ar\/web\/index.php?rest_route=\/wp\/v2\/posts\/9905\/revisions\/9907"}],"wp:featuredmedia":[{"embeddable":true,"href":"https:\/\/muycritico.com.ar\/web\/index.php?rest_route=\/wp\/v2\/media\/9906"}],"wp:attachment":[{"href":"https:\/\/muycritico.com.ar\/web\/index.php?rest_route=%2Fwp%2Fv2%2Fmedia&parent=9905"}],"wp:term":[{"taxonomy":"category","embeddable":true,"href":"https:\/\/muycritico.com.ar\/web\/index.php?rest_route=%2Fwp%2Fv2%2Fcategories&post=9905"},{"taxonomy":"post_tag","embeddable":true,"href":"https:\/\/muycritico.com.ar\/web\/index.php?rest_route=%2Fwp%2Fv2%2Ftags&post=9905"}],"curies":[{"name":"wp","href":"https:\/\/api.w.org\/{rel}","templated":true}]}}