{"id":9902,"date":"2025-09-16T18:26:41","date_gmt":"2025-09-16T21:26:41","guid":{"rendered":"https:\/\/muycritico.com.ar\/web\/?p=9902"},"modified":"2026-01-18T19:12:47","modified_gmt":"2026-01-18T22:12:47","slug":"jimena-salas-desconcierto-total-por-la-muerte-del-chino-saavedra","status":"publish","type":"post","link":"https:\/\/muycritico.com.ar\/web\/?p=9902","title":{"rendered":"JIMENA SALAS: DESCONCIERTO TOTAL POR LA MUERTE DEL CHINO SAAVEDRA"},"content":{"rendered":"<p><strong>MUY CRITRICO dialog\u00f3 en exclusiva con el Dr. Marcelo Arancibia, representante legal de la familia Saavedra y defensor de los tres hermanos acusados de asesinar a Jimena Salas el 27 de enero de 2017. El juicio iniciar\u00e1 el pr\u00f3ximo mi\u00e9rcoles 24 de setiembre, seg\u00fan resolvi\u00f3 el tribunal colegiado que presidir\u00e1 el debate<\/strong><\/p>\n<p><!--more--><\/p>\n<p>Tras la shockeante novedad de que <strong>Javier \u201cEl Chino\u201d Saavedra<\/strong> hab\u00eda fallecido dentro de los muros de la alcald\u00eda, su abogado, el experimentado penalista <strong>Marcelo Arancibia<\/strong> no podr\u00eda recuperarse de semejante acontecimiento. \u201cJavier iba a tener la oportunidad de demostrar su inocencia y hab\u00eda pedido declarar desde el inicio del debate\u201d, indic\u00f3 el defensor.<\/p>\n<p>Sin dudas que la muerte de Javier Saavedra deja a la sociedad pasmada y ante el gran dilema de saber qu\u00e9 fue lo que realmente sucedi\u00f3 tras los muros de la alcald\u00eda, donde obviamente los sistemas de prevenci\u00f3n volvieron a fallar al conocerse que el reo hab\u00eda perdido la vida, unas horas antes del juicio, lo que abre un abanico de posibilidades que van desde un probable ataque por parte de alg\u00fan compa\u00f1ero de presidio, un \u201cajusticiamiento\u201d; o bien un suicidio inducido, propio del contexto carcelario, donde los conflictos intramuros dejan saldos lamentables como este.<\/p>\n<p>De lo que si hay una certeza absoluta es que el sistema penitenciario tiene como objetivo principal la seguridad de los internos. <strong>Es inconcebible que un presidario aparezca sin vida a poco menos de 12 horas de su propio juicio.<\/strong> Una vez m\u00e1s fallaron todos los protocolos y esto no es m\u00e1s que otro papel\u00f3n del sistema judicial de Salta, el cual ya ni siquiera garantiza la seguridad de un preso.<\/p>\n<p>Para Marcelo Arancibia su representado hab\u00eda mostrado signos de estar en buenas condiciones an\u00edmicas para afrontar un debate que se ven\u00eda prolongando desde hace meses pero que a unas horas de la publicaci\u00f3n de la presente nota, arrancar\u00eda el juicio en el cual el letrado ven\u00eda con una abundante prueba que seg\u00fan \u00e9l demostraba la inocencia de los tres hermanos, sobre todo la de Javier.<\/p>\n<p><strong>MUY CRITICO \u2013Al d\u00eda siguiente de conocida la noticia de la muerte del Chino Saavedra, consultarle acerca de que es lo que sucedi\u00f3, si podr\u00eda dejarnos alg\u00fan comentario, alguna impresi\u00f3n\u2026<\/strong><\/p>\n<p>Marcelo Arancibia <strong>\u2013<\/strong>En el mundo de las responsabilidades en el cual yo me muevo no puedo porque me enter\u00e9 ayer. Me constitu\u00ed a las horas 16:40 aproximadamente a la alcald\u00eda para ultimar los detalles, previo a haberme comunicado con la madre y poder hablar con Javier y poder ir a ultimar los detalles con los hermanos que est\u00e1n bajo detenci\u00f3n domiciliaria con un correcto comportamiento tanto de Javier como de los dos hermanos.<\/p>\n<p>Una vez que me aperson\u00e9 all\u00ed me encontr\u00e9 con mucha gente, que estaban en horarios de visitas. All\u00ed me interes\u00e9 por preguntar y me dijeron que estaban en un procedimiento interno. Esper\u00e9 15 o 20 minutos, sali\u00f3 una persona y nos dijo que podr\u00edamos ingresar. De all\u00ed me dirig\u00ed a los locutorios para la interconsulta, me anotaron.<\/p>\n<p>Ese es el dolor que llevar\u00e9 en mi alma: \u201cMarcelo Arancibia abogado solicita a Javier Nicol\u00e1s Saavedra\u201d. Luego habl\u00f3 la se\u00f1orita para autorizar desde la guardia interna y al regresar un sargento me dijo que \u201cestaba de salida\u201d. \u201c\u00bfDe salida de qu\u00e9?\u201d pregunt\u00e9 a lo que me respondieron que no me pod\u00edan decir porque era resorte de la guardia interna.<\/p>\n<p>Como no era una cosa intempestiva, ten\u00edamos todo diagramado, 10 d\u00edas antes yo ya hab\u00eda hablado con Javier como durante estos 3 a\u00f1os lo hac\u00eda. <strong>Lo not\u00f3 muy deseoso de que se haga este juicio<\/strong>, que \u00e9l confiaba mucho en Dios, que \u00e9l y sus hermanos no tuvieron absolutamente nada que ver este caso de Jimena Salas.<\/p>\n<p>Me dijo que \u00e9l iba a declarar el primer d\u00eda, junto a sus hermanos y que le pidiera al tribunal que iba a responder todas las preguntas a la fiscal\u00eda, a la querella y al tribunal. Que le d\u00e1bamos totalmente la libertad que no solo sean preguntas de car\u00e1cter aclaratorias sino todo lo que quieran y deseen preguntar, toda vez que entiendo que est\u00e1n dentro de las facultades; y no comparto en nada las limitaciones que lo que \u00fanica y exclusivamente sean preguntas aclaratorias, toda vez que el tribunal, que es nada m\u00e1s ni nada menos que el que va a dictar, a fundamentar y a emitir una sentencia y mejor que se saquen todas las dudas en cualquier \u00e1mbito de esta cuesti\u00f3n.<\/p>\n<p>Al no poder hablar con la madre porque supuse que estaba en la procesi\u00f3n del Se\u00f1os y La Virgen del Milagro, reci\u00e9n a eso de las 19 recib\u00ed un mensaje del padre y me pregunt\u00f3 qu\u00e9 es lo que yo sab\u00eda acerca de, \u201cque es lo que le pas\u00f3 a Javier, porque pas\u00f3 una camioneta del servicio penitenciario y me dijo que Javier hab\u00eda fallecido\u201d.<\/p>\n<p>Como que ha fallecido pregunt\u00e9. All\u00ed empec\u00e9 a ver, solicit\u00e9 a mi secretaria que busque alguna informaci\u00f3n por las redes sociales y a los 15 minutos ya ten\u00edamos la confirmaci\u00f3n de que hab\u00eda muerto. Que \u201cse hab\u00eda suicidado\u201d.<\/p>\n<blockquote class=\"instagram-media\" style=\"background: #FFF; border: 0; border-radius: 3px; box-shadow: 0 0 1px 0 rgba(0,0,0,0.5),0 1px 10px 0 rgba(0,0,0,0.15); margin: 1px; max-width: 540px; min-width: 326px; padding: 0; width: calc(100% - 2px);\" data-instgrm-captioned=\"\" data-instgrm-permalink=\"https:\/\/www.instagram.com\/reel\/DOrLtI1ERIH\/?utm_source=ig_embed&amp;utm_campaign=loading\" data-instgrm-version=\"14\">\n<div style=\"padding: 16px;\">\n<p>&nbsp;<\/p>\n<div style=\"display: flex; flex-direction: row; align-items: center;\">\n<div style=\"background-color: #f4f4f4; border-radius: 50%; flex-grow: 0; height: 40px; margin-right: 14px; width: 40px;\"><\/div>\n<div style=\"display: flex; flex-direction: column; flex-grow: 1; justify-content: center;\">\n<div style=\"background-color: #f4f4f4; border-radius: 4px; flex-grow: 0; height: 14px; margin-bottom: 6px; width: 100px;\"><\/div>\n<div style=\"background-color: #f4f4f4; border-radius: 4px; flex-grow: 0; height: 14px; width: 60px;\"><\/div>\n<\/div>\n<\/div>\n<div style=\"padding: 19% 0;\"><\/div>\n<div style=\"display: block; height: 50px; margin: 0 auto 12px; width: 50px;\"><\/div>\n<div style=\"padding-top: 8px;\">\n<div style=\"color: #3897f0; font-family: Arial,sans-serif; font-size: 14px; font-style: normal; font-weight: 550; line-height: 18px;\">Ver esta publicaci\u00f3n en Instagram<\/div>\n<\/div>\n<div style=\"padding: 12.5% 0;\"><\/div>\n<div style=\"display: flex; flex-direction: row; margin-bottom: 14px; align-items: center;\">\n<div>\n<div style=\"background-color: #f4f4f4; border-radius: 50%; height: 12.5px; width: 12.5px; transform: translateX(0px) translateY(7px);\"><\/div>\n<div style=\"background-color: #f4f4f4; height: 12.5px; transform: rotate(-45deg) translateX(3px) translateY(1px); width: 12.5px; flex-grow: 0; margin-right: 14px; margin-left: 2px;\"><\/div>\n<div style=\"background-color: #f4f4f4; border-radius: 50%; height: 12.5px; width: 12.5px; transform: translateX(9px) translateY(-18px);\"><\/div>\n<\/div>\n<div style=\"margin-left: 8px;\">\n<div style=\"background-color: #f4f4f4; border-radius: 50%; flex-grow: 0; height: 20px; width: 20px;\"><\/div>\n<div style=\"width: 0; height: 0; border-top: 2px solid transparent; border-left: 6px solid #f4f4f4; border-bottom: 2px solid transparent; transform: translateX(16px) translateY(-4px) rotate(30deg);\"><\/div>\n<\/div>\n<div style=\"margin-left: auto;\">\n<div style=\"width: 0px; border-top: 8px solid #F4F4F4; border-right: 8px solid transparent; transform: translateY(16px);\"><\/div>\n<div style=\"background-color: #f4f4f4; flex-grow: 0; height: 12px; width: 16px; transform: translateY(-4px);\"><\/div>\n<div style=\"width: 0; height: 0; border-top: 8px solid #F4F4F4; border-left: 8px solid transparent; transform: translateY(-4px) translateX(8px);\"><\/div>\n<\/div>\n<\/div>\n<div style=\"display: flex; flex-direction: column; flex-grow: 1; justify-content: center; margin-bottom: 24px;\">\n<div style=\"background-color: #f4f4f4; border-radius: 4px; flex-grow: 0; height: 14px; margin-bottom: 6px; width: 224px;\"><\/div>\n<div style=\"background-color: #f4f4f4; border-radius: 4px; flex-grow: 0; height: 14px; width: 144px;\"><\/div>\n<\/div>\n<p>&nbsp;<\/p>\n<p style=\"color: #c9c8cd; font-family: Arial,sans-serif; font-size: 14px; line-height: 17px; margin-bottom: 0; margin-top: 8px; overflow: hidden; padding: 8px 0 7px; text-align: center; text-overflow: ellipsis; white-space: nowrap;\"><a style=\"color: #c9c8cd; font-family: Arial,sans-serif; font-size: 14px; font-style: normal; font-weight: normal; line-height: 17px; text-decoration: none;\" href=\"https:\/\/www.instagram.com\/reel\/DOrLtI1ERIH\/?utm_source=ig_embed&amp;utm_campaign=loading\" target=\"_blank\" rel=\"noopener\">Una publicaci\u00f3n compartida por Muy Critico (@muycriticodigital)<\/a><\/p>\n<\/div>\n<\/blockquote>\n<p><script async src=\"\/\/www.instagram.com\/embed.js\"><\/script><\/p>\n<p>Me fui al San Bernardo, luego al Milagro donde no lo encontr\u00e9 y finalmente al CIF, donde ya estaba la madre con un cuadro propio de una madre que ha perdido un inocente hijo. All\u00ed me comunicaron que por orden del Dr. L\u00f3pez Soto la autopsia se iba a realizar a las 9 de la ma\u00f1ana.<\/p>\n<p>En ese \u00ednterin me hice presente en el tribunal que me dio la palabra donde expuse que no estaban dadas las condiciones humanas de hacer el juicio. As\u00ed que con muy buen criterio quedaron que para el pr\u00f3ximo mi\u00e9rcoles 24 a las 8:30 se va a reanudar el debate.<\/p>\n<p><strong>Entendiendo el deseo que ten\u00eda Javier Saavedra de que comience el juicio para demostrar su inocencia \u00bfcree en el suicidio o cree que podr\u00eda haber pasado otra cosa en la alcald\u00eda?<\/strong><\/p>\n<p>Le vuelvo a reiterar, ser\u00eda sensacionalista, irresponsable e irrespetuoso con ustedes y a con la comunidad sacar conclusiones personales. Hay que ser objetivos, yo he puesto un perito de parte que es un conocido m\u00e9dico que le podr\u00e1 dar todas las informaciones de t\u00e9cnicas legales, de resultados de la autopsia porque est\u00e1 all\u00ed realizando todos los controles como contraparte. Se habla de una carta que ha dejado, la desconozco, no se absolutamente m\u00e1s nada de lo que ustedes tienen como informaci\u00f3n.<\/p>\n<p>Pero un parte oficial de porque fue, d\u00f3nde ha sido, con qu\u00e9 arma, de qu\u00e9 manera, porqu\u00e9 el descuido, por qu\u00e9 no han tomado todas las prevenciones faltando menos de 12 horas.<\/p>\n<p>Yo ya ten\u00eda toda la estructura. No voy a hablar sobre la culpabilidad o la inocencia porque no es el \u00e1mbito y justamente faltarle el respeto a este momento que estamos atravesando oportunamente lo seguir\u00e9 manteniendo y les seguir\u00e9 informando a ustedes cuales eran las estrategias, ya de contenido abstracto pero que hace a la obligaci\u00f3n de informar a ustedes como el cuarto poder del Estado.<\/p>\n<p><strong>El comunicado desde el Poder Judicial<\/strong><\/p>\n<p>El juicio por el femicidio de Jimena Salas comenzar\u00e1 el pr\u00f3ximo mi\u00e9rcoles 24 de septiembre. As\u00ed lo resolvi\u00f3 hoy el tribunal que integran los jueces Jos\u00e9 Luis Riera (presidente), M\u00f3nica Faber y Maximiliano Troyano (vocales).<\/p>\n<p>La decisi\u00f3n fue anunciada en una audiencia realizada esta ma\u00f1ana en la que estuvieron presentes los miembros de la Unidad Fiscal integrada por los fiscales M\u00f3nica Poma, Gabriel Gonz\u00e1lez y Leandro Flores, y el defensor de los imputados Marcelo Arancibia. Como querellante en representaci\u00f3n de la familia de la v\u00edctima estuvo presente Pedro Javier Arancibia.<\/p>\n<p>Durante la misma, luego de escuchar a las partes y por cuestiones humanitarias y con la finalidad de garantizar el derecho de defensa el Tribunal difiri\u00f3 el inicio del juicio para el pr\u00f3ximo 24 de septiembre debido al fallecimiento del acusado Javier Nicol\u00e1s Saavedra, hecho ocurrido ayer.<\/p>\n<p>Adri\u00e1n Guillermo Saavedra y Carlos Dami\u00e1n Saavedra est\u00e1n coimputados por el delito de homicidio calificado por alevos\u00eda, ensa\u00f1amiento, criminis causa por el concurso premeditado de dos o m\u00e1s personas, femicidio en perjuicio de Jimena Beatriz Salas.<\/p>\n","protected":false},"excerpt":{"rendered":"<p>MUY CRITRICO dialog\u00f3 en exclusiva con el Dr. Marcelo Arancibia, representante legal de la familia Saavedra y defensor de los tres hermanos acusados de asesinar a Jimena Salas el 27 de enero de 2017. El juicio iniciar\u00e1 el pr\u00f3ximo mi\u00e9rcoles 24 de setiembre, seg\u00fan resolvi\u00f3 el tribunal colegiado que presidir\u00e1 el debate<\/p>\n","protected":false},"author":2,"featured_media":9903,"comment_status":"open","ping_status":"closed","sticky":false,"template":"","format":"standard","meta":{"footnotes":""},"categories":[6],"tags":[872],"class_list":["post-9902","post","type-post","status-publish","format-standard","has-post-thumbnail","hentry","category-notas","tag-victor-sacca"],"_links":{"self":[{"href":"https:\/\/muycritico.com.ar\/web\/index.php?rest_route=\/wp\/v2\/posts\/9902","targetHints":{"allow":["GET"]}}],"collection":[{"href":"https:\/\/muycritico.com.ar\/web\/index.php?rest_route=\/wp\/v2\/posts"}],"about":[{"href":"https:\/\/muycritico.com.ar\/web\/index.php?rest_route=\/wp\/v2\/types\/post"}],"author":[{"embeddable":true,"href":"https:\/\/muycritico.com.ar\/web\/index.php?rest_route=\/wp\/v2\/users\/2"}],"replies":[{"embeddable":true,"href":"https:\/\/muycritico.com.ar\/web\/index.php?rest_route=%2Fwp%2Fv2%2Fcomments&post=9902"}],"version-history":[{"count":1,"href":"https:\/\/muycritico.com.ar\/web\/index.php?rest_route=\/wp\/v2\/posts\/9902\/revisions"}],"predecessor-version":[{"id":9904,"href":"https:\/\/muycritico.com.ar\/web\/index.php?rest_route=\/wp\/v2\/posts\/9902\/revisions\/9904"}],"wp:featuredmedia":[{"embeddable":true,"href":"https:\/\/muycritico.com.ar\/web\/index.php?rest_route=\/wp\/v2\/media\/9903"}],"wp:attachment":[{"href":"https:\/\/muycritico.com.ar\/web\/index.php?rest_route=%2Fwp%2Fv2%2Fmedia&parent=9902"}],"wp:term":[{"taxonomy":"category","embeddable":true,"href":"https:\/\/muycritico.com.ar\/web\/index.php?rest_route=%2Fwp%2Fv2%2Fcategories&post=9902"},{"taxonomy":"post_tag","embeddable":true,"href":"https:\/\/muycritico.com.ar\/web\/index.php?rest_route=%2Fwp%2Fv2%2Ftags&post=9902"}],"curies":[{"name":"wp","href":"https:\/\/api.w.org\/{rel}","templated":true}]}}