{"id":9895,"date":"2025-09-15T23:24:11","date_gmt":"2025-09-16T02:24:11","guid":{"rendered":"https:\/\/muycritico.com.ar\/web\/?p=9895"},"modified":"2026-01-18T19:12:47","modified_gmt":"2026-01-18T22:12:47","slug":"en-el-tercer-dia-del-triduo-el-gobernador-y-miles-de-fieles-se-unieron-para-celebrar-la-solemnidad-del-senor-del-milagro","status":"publish","type":"post","link":"https:\/\/muycritico.com.ar\/web\/?p=9895","title":{"rendered":"EN EL TERCER D\u00cdA DEL TRIDUO, EL GOBERNADOR Y MILES DE FIELES SE UNIERON PARA CELEBRAR LA SOLEMNIDAD DEL SE\u00d1OR DEL MILAGRO"},"content":{"rendered":"<p><strong>Una multitud de fieles se congreg\u00f3 en el atrio de la Catedral para la solemne misa estacional, en la que el arzobispo Cargnello destac\u00f3 que &#8220;el Milagro es un don que Dios le dio a Salta para compartir&#8221;<\/strong><\/p>\n<p><!--more--><\/p>\n<p>El gobernador Gustavo S\u00e1enz y su esposa Elena Cornejo participaron esta ma\u00f1ana de la \u00faltima jornada del Triduo de Pontificales, en honor a la solemnidad del Se\u00f1or del Milagro, que se realiz\u00f3 en la Catedral Bas\u00edlica. El oficio religioso se celebr\u00f3 en el p\u00f3rtico del Templo Mayor de Salta y reuni\u00f3 a una multitud de fieles.<\/p>\n<p>La misa estacional fue oficiada por el arzobispo de Salta Mario Antonio Cargnello quien al inicio expres\u00f3 que \u201cla comunidad se prepar\u00f3 por m\u00e1s de 40 d\u00edas, de un modo muy especial para llegar a este d\u00eda con todo el esfuerzo y coraz\u00f3n\u201d.<\/p>\n<p>Indic\u00f3 que todo lo ofrecido \u201clo ponemos en el Altar en un momento dif\u00edcil para la humanidad por las amenazas de guerra, y en un momento desafiante para nuestro pa\u00eds, porque parece que no escuchamos la necesidad de unirnos, como si cada uno fuera lo suficiente y creyera que solo puede sacar el pa\u00eds adelante. En un momento desafiante tambi\u00e9n para nuestra provincia, que quiere seguir adelante y ser fiel en el Se\u00f1or\u201d.<\/p>\n<p><img loading=\"lazy\" decoding=\"async\" class=\"aligncenter size-full wp-image-9897\" src=\"https:\/\/muycritico.com.ar\/web\/wp-content\/uploads\/2025\/09\/saenz-milagro2.jpg\" alt=\"\" width=\"996\" height=\"594\" srcset=\"https:\/\/muycritico.com.ar\/web\/wp-content\/uploads\/2025\/09\/saenz-milagro2.jpg 996w, https:\/\/muycritico.com.ar\/web\/wp-content\/uploads\/2025\/09\/saenz-milagro2-768x458.jpg 768w\" sizes=\"auto, (max-width: 996px) 100vw, 996px\" \/><\/p>\n<p>En su homil\u00eda, el Arzobispo destac\u00f3 el gran crecimiento de esta tradicional celebraci\u00f3n salte\u00f1a y de los peregrinos que este a\u00f1o super\u00f3 los 130 mil.<\/p>\n<p>\u201cNuestros peregrinos alimentan el v\u00ednculo con el Se\u00f1or porque El Milagro no es una posesi\u00f3n de los salte\u00f1os. Es un don que ha sido dado por Dios a Salta para que lo comparta a los dem\u00e1s\u201d.<\/p>\n<p>Manifest\u00f3 que somos buscadores y servidores de Dios y \u201cen este Pacto de amor se nos propone salir de nosotros mismos, mirar la realidad y servir a los dem\u00e1s\u201d.<\/p>\n<p>\u201cSalta decide hacer este pacto que renovamos a\u00f1o a a\u00f1o con \u00c9l y lo pone en el centro de la vida social, pol\u00edtica, econ\u00f3mica y cultural de la vida humana. Salta y el Se\u00f1or del Milagro hacen este pacto de Fe que renovaremos esta tarde, inspirado en el primer pacto de fidelidad y desde entonces cada 15 de septiembre\u201d, expres\u00f3.<\/p>\n<p>Participaron de la misa, el vicegobernador de la Provincia, Antonio Marocco; el intendente de la ciudad de Salta Emiliano Durand, junto a su esposa, el presidente del Concejo Deliberante Diario Madile; el ministro de Seguridad y Justicia, Gaspar Sol\u00e1 Usandivaras; el ministro de Gobierno, Derechos Humanos y Trabajo, Ricardo Villada; el ministro de Producci\u00f3n y Desarrollo Sustentable, Mart\u00edn de los R\u00edos y dem\u00e1s funcionarios del ejecutivo provincial junto a diputados nacionales.<\/p>\n<p>Estuvieron presentes adem\u00e1s, el presidente de la C\u00e1mara de Diputados Esteban Amat Lacroix y dem\u00e1s legisladores provinciales; la presidenta de la Corte de Justicia de Salta, Teresa Ovejero, funcionarios y legisladores municipales y representantes de las fuerza de seguridad entre otros.<\/p>\n<p>Tras la misa, se organizan las celebraciones centrales con la solemne Procesi\u00f3n y la renovaci\u00f3n del Pacto de Fidelidad. A las 15:15 comenzar\u00e1 el recorrido tradicional, por calle Espa\u00f1a, para doblar por Zuvir\u00eda hasta avenida Belgrano, Sarmiento y finalmente al Monumento 20 en Febrero donde esperar\u00e1n las autoridades para la realizaci\u00f3n del Pacto de Fidelidad y se realizar\u00e1 la ceremonia central.<\/p>\n","protected":false},"excerpt":{"rendered":"<p>Una multitud de fieles se congreg\u00f3 en el atrio de la Catedral para la solemne misa estacional, en la que el arzobispo Cargnello destac\u00f3 que &#8220;el Milagro es un don que Dios le dio a Salta para compartir&#8221;<\/p>\n","protected":false},"author":2,"featured_media":9896,"comment_status":"open","ping_status":"closed","sticky":false,"template":"","format":"standard","meta":{"footnotes":""},"categories":[6],"tags":[872],"class_list":["post-9895","post","type-post","status-publish","format-standard","has-post-thumbnail","hentry","category-notas","tag-victor-sacca"],"_links":{"self":[{"href":"https:\/\/muycritico.com.ar\/web\/index.php?rest_route=\/wp\/v2\/posts\/9895","targetHints":{"allow":["GET"]}}],"collection":[{"href":"https:\/\/muycritico.com.ar\/web\/index.php?rest_route=\/wp\/v2\/posts"}],"about":[{"href":"https:\/\/muycritico.com.ar\/web\/index.php?rest_route=\/wp\/v2\/types\/post"}],"author":[{"embeddable":true,"href":"https:\/\/muycritico.com.ar\/web\/index.php?rest_route=\/wp\/v2\/users\/2"}],"replies":[{"embeddable":true,"href":"https:\/\/muycritico.com.ar\/web\/index.php?rest_route=%2Fwp%2Fv2%2Fcomments&post=9895"}],"version-history":[{"count":1,"href":"https:\/\/muycritico.com.ar\/web\/index.php?rest_route=\/wp\/v2\/posts\/9895\/revisions"}],"predecessor-version":[{"id":9898,"href":"https:\/\/muycritico.com.ar\/web\/index.php?rest_route=\/wp\/v2\/posts\/9895\/revisions\/9898"}],"wp:featuredmedia":[{"embeddable":true,"href":"https:\/\/muycritico.com.ar\/web\/index.php?rest_route=\/wp\/v2\/media\/9896"}],"wp:attachment":[{"href":"https:\/\/muycritico.com.ar\/web\/index.php?rest_route=%2Fwp%2Fv2%2Fmedia&parent=9895"}],"wp:term":[{"taxonomy":"category","embeddable":true,"href":"https:\/\/muycritico.com.ar\/web\/index.php?rest_route=%2Fwp%2Fv2%2Fcategories&post=9895"},{"taxonomy":"post_tag","embeddable":true,"href":"https:\/\/muycritico.com.ar\/web\/index.php?rest_route=%2Fwp%2Fv2%2Ftags&post=9895"}],"curies":[{"name":"wp","href":"https:\/\/api.w.org\/{rel}","templated":true}]}}