{"id":9892,"date":"2025-09-15T23:13:16","date_gmt":"2025-09-16T02:13:16","guid":{"rendered":"https:\/\/muycritico.com.ar\/web\/?p=9892"},"modified":"2026-01-18T19:12:47","modified_gmt":"2026-01-18T22:12:47","slug":"caso-solange-musse-otro-fallo-vergonzoso-de-la-justicia-argentina","status":"publish","type":"post","link":"https:\/\/muycritico.com.ar\/web\/?p=9892","title":{"rendered":"CASO SOLANGE MUSSE: OTRO FALLO VERGONZOSO DE LA JUSTICIA ARGENTINA"},"content":{"rendered":"<article class=\"article-full section\">\n<div class=\"section-2-col article-main-content\">\n<div class=\"col 2-col\">\n<div class=\"article-main-content article-text  \">\n<p><strong>Absolvieron a los funcionarios involucrados. Pablo Musse quiso entrar a C\u00f3rdoba para despedirse de su hija que agonizaba. El test dio positivo y no lo admitieron. Entonces present\u00f3 una demanda. Este lunes los funcionarios fueron exculpados.<\/strong><\/p>\n<p>La C\u00e1mara N\u00b01 del Crimen de R\u00edo Cuarto absolvi\u00f3 a los funcionarios imputados en la causa por Solange Musse (35), quien falleci\u00f3 por un c\u00e1ncer de mama avanzado durante agosto de 2020. La joven viv\u00eda en Alta Gracia, C\u00f3rdoba y su padre &#8211;Pablo Musse, oriundo de Neuqu\u00e9n&#8211; no pudo ingresar a la localidad para despedirse. Si bien las restricciones de la pandemia consideraban algunas excepciones, el hombre no present\u00f3 un test negativo y el que hicieron en el lugar dio positivo.<\/p>\n<p>Un informe de PAGINA 12, despu\u00e9s de casi dos horas de deliberaci\u00f3n, un jurado popular y uno t\u00e9cnico de la C\u00e1mara presidida por Daniel Antonio Vaudagna junto a Nicol\u00e1s Rins y Diego Ortiz absolvieron a Eduardo Javier Andrada &#8211;exdirector del Centro de Operaciones de Emergencia (COE) de Huinca Renanc\u00f3&#8211; por mayor\u00eda y a Anal\u00eda Morales &#8211;trabajadora social y integrante de la mesa de epidemiolog\u00eda del COE de R\u00edo Cuarto&#8211; por unanimidad de la responsabilidad de impedir que el padre ingresara a C\u00f3rdoba a despedirla. Ambos estaban imputados por abuso de autoridad e incumplimiento de deberes de funcionario p\u00fablico.<\/p>\n<p>En las audiencias previas al veredicto, testificaron exministros, m\u00e9dicos, polic\u00edas y personal del COE. Mientras que algunos defendieron la aplicaci\u00f3n estricta de los protocolos, otros admitieron que podr\u00eda haberse evaluado alguna flexibilizaci\u00f3n. El padre de la fallecida se hab\u00eda mostrado esperanzado antes del veredicto, pero tras conocer la decisi\u00f3n adelant\u00f3 que la apelar\u00e1: &#8220;Confiaba en el jurado popular, parece que no es as\u00ed. Siento odio, siento bronca y el mismo sentimiento que sent\u00ed aquel domingo 16 en el cual no me dejaron pasar a ver a mi hija&#8221;.<\/p>\n<p><strong>\u00bfQu\u00e9 pas\u00f3 en 2020?<\/strong><\/p>\n<p>El 16 de agosto de 2020, el padre de la joven y su cu\u00f1ada &#8211;Paola Oviedo&#8211; intentaron entrar a C\u00f3rdoba por la ruta 35, pero un puesto sanitario en Huinca Renac\u00f3 &#8211;localidad de General Roca&#8211; los detuvo. Si bien ambos ten\u00edan el permiso de circulaci\u00f3n por &#8220;causa de fuerza mayor&#8221;, no ten\u00edan el PCR negativo de 48 horas exigido entonces para ingresar a la provincia.<\/p>\n<p>El operativo sanitario realiz\u00f3 entonces dos tests r\u00e1pidos que dieron positivo, aunque m\u00e1s tarde la familia argument\u00f3 que eran falsos positivos. Entonces, se les neg\u00f3 el acceso y fueron escoltados por la polic\u00eda hasta la localidad neuquina de Plottier. La familia destac\u00f3 que no pudo detenerse a descansar, ir al ba\u00f1o o comprar comida.<\/p>\n<p>La mujer de 35 a\u00f1os falleci\u00f3 cinco d\u00edas despu\u00e9s, el 21 de agosto, tras lo cual la familia decidi\u00f3 judicializar el caso. La querella sostuvo que los funcionarios &#8220;desoyeron las excepciones humanitarias que estaban previstas en los protocolos&#8221; y que esta decisi\u00f3n vulner\u00f3 los derechos b\u00e1sicos de la familia.<\/p>\n<p><strong>Sin PCR negativo<\/strong><\/p>\n<p>Sin embargo, el exministro provincial de Salud &#8211;Diego Cardozo&#8211; defendi\u00f3 la decisi\u00f3n de los funcionarios: &#8220;Con un test negativo hubiera podido pasar por fuerza mayor, pero con test positivo el riesgo era enorme por un brote&#8221;. En ese momento, C\u00f3rdoba atravesaba un pico de 70 muertos por d\u00eda y no hab\u00eda ni vacunas ni tratamientos: &#8220;Dejar pasar a alguien en esas condiciones era una gran responsabilidad&#8221;. En esa l\u00ednea argumental fue la declaraci\u00f3n de Juan Francisco Ledesma, exdirector del COE central.<\/p>\n<p>El director del hospital de R\u00edo Cuarto, Carlos Roberto Pepe, coincidi\u00f3 en que los protocolos preve\u00edan flexibilizaciones, pero para emergencias m\u00e9dicas, no humanitarias. Por otro lado, plante\u00f3: &#8220;(Pablo) Musse ven\u00eda de una zona con transmisi\u00f3n comunitaria. Es decir, una zona roja&#8221;. En tanto, el exsecretario de Gesti\u00f3n de Riesgos Claudio Vignetta, admiti\u00f3 que se podr\u00eda haber consultado alguna excepci\u00f3n, pero mantuvo la posici\u00f3n de que C\u00f3rdoba no fue m\u00e1s estricta que otras provincias.<\/p>\n<p>De todas formas, el fiscal Julio Rivero consider\u00f3 en su alegato final que ambos funcionarios ten\u00edan poder de decisi\u00f3n frente al ingreso y que fueron autores por acci\u00f3n (Andrada) u omisi\u00f3n (Morales) de abuso de autoridad. Rivero tambi\u00e9n sostuvo que la decisi\u00f3n\u00a0 perjudic\u00f3 a la cu\u00f1ada del padre que viv\u00eda en Alta Gracia y tiene una discapacidad motriz.<\/p>\n<p>Rivero hab\u00eda pedido un a\u00f1o y seis meses de prisi\u00f3n de ejecuci\u00f3n condicional para los acusados. Por el &#8220;encapsulamiento policial&#8221; hasta Plottier, indic\u00f3 que Solange Musse y su familia sean declarados v\u00edctimas de violencia institucional. Adem\u00e1s, reclam\u00f3 que en el l\u00edmite sur de C\u00f3rdoba se coloque una placa que recuerde esta circunstancia. Jos\u00e9 Nayi, abogado de la querella, hab\u00eda pedido dos a\u00f1os y la inhabilitaci\u00f3n profesional de ambos.<\/p>\n<p>La defensa de los funcionarios sostuvo durante todo el juicio que no tuvieron responsabilidad directa en el operativo de control de Huinca Renanc\u00f3. Este fue producto de una estructura jer\u00e1rquica m\u00e1s amplia y la decisi\u00f3n se bas\u00f3 en el protocolo y en el riesgo epidemiol\u00f3gico del momento. Por esto, ped\u00edan la absoluci\u00f3n de Morales y Andrada que el jurado finalmente concedi\u00f3.<\/p>\n<\/div>\n<\/div>\n<\/div>\n<\/article>\n","protected":false},"excerpt":{"rendered":"<p>Absolvieron a los funcionarios involucrados. Pablo Musse quiso entrar a C\u00f3rdoba para despedirse de su hija que agonizaba. El test dio positivo y no lo admitieron. Entonces present\u00f3 una demanda. Este lunes los funcionarios fueron exculpados. La C\u00e1mara N\u00b01 del Crimen de R\u00edo Cuarto absolvi\u00f3 a los funcionarios imputados en la causa por Solange Musse [&hellip;]<\/p>\n","protected":false},"author":2,"featured_media":9893,"comment_status":"open","ping_status":"closed","sticky":false,"template":"","format":"standard","meta":{"footnotes":""},"categories":[6],"tags":[872],"class_list":["post-9892","post","type-post","status-publish","format-standard","has-post-thumbnail","hentry","category-notas","tag-victor-sacca"],"_links":{"self":[{"href":"https:\/\/muycritico.com.ar\/web\/index.php?rest_route=\/wp\/v2\/posts\/9892","targetHints":{"allow":["GET"]}}],"collection":[{"href":"https:\/\/muycritico.com.ar\/web\/index.php?rest_route=\/wp\/v2\/posts"}],"about":[{"href":"https:\/\/muycritico.com.ar\/web\/index.php?rest_route=\/wp\/v2\/types\/post"}],"author":[{"embeddable":true,"href":"https:\/\/muycritico.com.ar\/web\/index.php?rest_route=\/wp\/v2\/users\/2"}],"replies":[{"embeddable":true,"href":"https:\/\/muycritico.com.ar\/web\/index.php?rest_route=%2Fwp%2Fv2%2Fcomments&post=9892"}],"version-history":[{"count":1,"href":"https:\/\/muycritico.com.ar\/web\/index.php?rest_route=\/wp\/v2\/posts\/9892\/revisions"}],"predecessor-version":[{"id":9894,"href":"https:\/\/muycritico.com.ar\/web\/index.php?rest_route=\/wp\/v2\/posts\/9892\/revisions\/9894"}],"wp:featuredmedia":[{"embeddable":true,"href":"https:\/\/muycritico.com.ar\/web\/index.php?rest_route=\/wp\/v2\/media\/9893"}],"wp:attachment":[{"href":"https:\/\/muycritico.com.ar\/web\/index.php?rest_route=%2Fwp%2Fv2%2Fmedia&parent=9892"}],"wp:term":[{"taxonomy":"category","embeddable":true,"href":"https:\/\/muycritico.com.ar\/web\/index.php?rest_route=%2Fwp%2Fv2%2Fcategories&post=9892"},{"taxonomy":"post_tag","embeddable":true,"href":"https:\/\/muycritico.com.ar\/web\/index.php?rest_route=%2Fwp%2Fv2%2Ftags&post=9892"}],"curies":[{"name":"wp","href":"https:\/\/api.w.org\/{rel}","templated":true}]}}