{"id":9889,"date":"2025-09-15T22:57:52","date_gmt":"2025-09-16T01:57:52","guid":{"rendered":"https:\/\/muycritico.com.ar\/web\/?p=9889"},"modified":"2026-01-18T19:12:47","modified_gmt":"2026-01-18T22:12:47","slug":"presupuesto-en-modo-moderacion-habra-mas-plata-para-educacion-salud-jubilaciones-y-discapacidad","status":"publish","type":"post","link":"https:\/\/muycritico.com.ar\/web\/?p=9889","title":{"rendered":"PRESUPUESTO EN MODO MODERACI\u00d3N: HABR\u00c1 M\u00c1S PLATA PARA EDUCACI\u00d3N, SALUD, JUBILACIONES Y DISCAPACIDAD"},"content":{"rendered":"<p><strong>\u201cEl equilibrio fiscal no se negocia\u201d. En un discurso breve y de tono moderado por cadena nacional, el Presidente asegur\u00f3 que \u201cel camino es arduo, pero el rumbo es el correcto\u201d y pidi\u00f3 la colaboraci\u00f3n de gobernadores y legisladores.<\/strong><\/p>\n<p><!--more--><\/p>\n<p>La derrota electoral de LLA en las elecciones bonaerenses hizo efecto tambi\u00e9n en el tono que Javier Milei le imprimi\u00f3 este lunes en la noche a su discurso de presentaci\u00f3n del Presupuesto 2026 por cadena nacional. Sin frases altisonantes ni insultos a opositores o economistas -s\u00f3lo se permiti\u00f3 aludir a estos como &#8220;alquimistas&#8221;-, el mandatario ratific\u00f3 el equilibrio fiscal &#8220;como la piedra angular&#8221; de su administraci\u00f3n, pidi\u00f3 la colaboraci\u00f3n de gobernadores y legisladores para avanzar en las reformas pendientes y anunci\u00f3 aumentos en 2026 para las partidas en educaci\u00f3n, salud, jubilaciones y discapacidad &#8220;por encima de la inflaci\u00f3n&#8221;.<\/p>\n<p>En una jornada en la que la incertidumbre financiera volvi\u00f3 a manifestarse, con una suba en el d\u00f3lar que lo acerc\u00f3 al techo de la banda y un nuevo incremento en el riesgo pa\u00eds (1140 puntos), el Presidente pronunci\u00f3 un discurso sobrio, de 15 minutos, parado frente a un atril emplazado en el Sal\u00f3n Blanco. &#8220;Lo peor ya pas\u00f3&#8221;, insisti\u00f3 y pidi\u00f3, casi como un ruego, &#8220;que la pol\u00edtica y el pueblo se comprometan con el equilibrio fiscal&#8221; como forma de garantizar un desarrollo sustentable.<\/p>\n<p>Seg\u00fan un informe de Clar\u00edn, el mandatario habl\u00f3 en tono pausado y evit\u00f3 la confrontaci\u00f3n. De hecho, env\u00edo un nuevo gesto a los gobernadores en la misma jornada en la que le tom\u00f3 juramento al flamante ministro del Interior, Lisandro Catal\u00e1n, casualmente el encargado de acercar posiciones con las provincias.<\/p>\n<p>\u201cSi al equilibrio fiscal le sumamos las reformas que queremos llevar adelante, podr\u00edamos hablar de un crecimiento de 7 y 8%. En 20 a\u00f1os estar\u00edamos entre los pa\u00edses m\u00e1s ricos del mundo, pero eso no suceder\u00eda por arte de magia, necesita de tiempo para que el trabajo pueda adquirir m\u00e1s valor. Roma no se construy\u00f3 en un d\u00eda&#8221;, aleg\u00f3 y se mostr\u00f3 esperanzado en transitar ese camino con las reformas que podr\u00edan concretarse &#8220;si logramos los consensos necesarios, si trabajamos codo a codo con gobernadores, diputados y senadores, vamos a lograrlo\u201d.<\/p>\n","protected":false},"excerpt":{"rendered":"<p>\u201cEl equilibrio fiscal no se negocia\u201d. En un discurso breve y de tono moderado por cadena nacional, el Presidente asegur\u00f3 que \u201cel camino es arduo, pero el rumbo es el correcto\u201d y pidi\u00f3 la colaboraci\u00f3n de gobernadores y legisladores.<\/p>\n","protected":false},"author":2,"featured_media":9890,"comment_status":"open","ping_status":"closed","sticky":false,"template":"","format":"standard","meta":{"footnotes":""},"categories":[6],"tags":[872],"class_list":["post-9889","post","type-post","status-publish","format-standard","has-post-thumbnail","hentry","category-notas","tag-victor-sacca"],"_links":{"self":[{"href":"https:\/\/muycritico.com.ar\/web\/index.php?rest_route=\/wp\/v2\/posts\/9889","targetHints":{"allow":["GET"]}}],"collection":[{"href":"https:\/\/muycritico.com.ar\/web\/index.php?rest_route=\/wp\/v2\/posts"}],"about":[{"href":"https:\/\/muycritico.com.ar\/web\/index.php?rest_route=\/wp\/v2\/types\/post"}],"author":[{"embeddable":true,"href":"https:\/\/muycritico.com.ar\/web\/index.php?rest_route=\/wp\/v2\/users\/2"}],"replies":[{"embeddable":true,"href":"https:\/\/muycritico.com.ar\/web\/index.php?rest_route=%2Fwp%2Fv2%2Fcomments&post=9889"}],"version-history":[{"count":1,"href":"https:\/\/muycritico.com.ar\/web\/index.php?rest_route=\/wp\/v2\/posts\/9889\/revisions"}],"predecessor-version":[{"id":9891,"href":"https:\/\/muycritico.com.ar\/web\/index.php?rest_route=\/wp\/v2\/posts\/9889\/revisions\/9891"}],"wp:featuredmedia":[{"embeddable":true,"href":"https:\/\/muycritico.com.ar\/web\/index.php?rest_route=\/wp\/v2\/media\/9890"}],"wp:attachment":[{"href":"https:\/\/muycritico.com.ar\/web\/index.php?rest_route=%2Fwp%2Fv2%2Fmedia&parent=9889"}],"wp:term":[{"taxonomy":"category","embeddable":true,"href":"https:\/\/muycritico.com.ar\/web\/index.php?rest_route=%2Fwp%2Fv2%2Fcategories&post=9889"},{"taxonomy":"post_tag","embeddable":true,"href":"https:\/\/muycritico.com.ar\/web\/index.php?rest_route=%2Fwp%2Fv2%2Ftags&post=9889"}],"curies":[{"name":"wp","href":"https:\/\/api.w.org\/{rel}","templated":true}]}}