{"id":9869,"date":"2025-09-15T20:58:45","date_gmt":"2025-09-15T23:58:45","guid":{"rendered":"https:\/\/muycritico.com.ar\/web\/?p=9869"},"modified":"2026-01-18T19:12:48","modified_gmt":"2026-01-18T22:12:48","slug":"jimena-salas-se-mato-el-chino-saavedra","status":"publish","type":"post","link":"https:\/\/muycritico.com.ar\/web\/?p=9869","title":{"rendered":"JIMENA SALAS: SE MAT\u00d3 \u201cEL CHINO\u201d SAAVEDRA"},"content":{"rendered":"<p><strong>Javier Saavedra, el principal imputado por el crimen de Jimena Salas, falleci\u00f3 este lunes por causas que se intentan establecer. Iba a ser juzgado junto a sus dos hermanos desde este martes, se encontraba alojado en el pabell\u00f3n D de la Alcald\u00eda Judicial. Seg\u00fan trascendidos se habr\u00eda quitado la vida autolesion\u00e1ndose durante la actividad de recreaci\u00f3n en el ba\u00f1o<\/strong><\/p>\n<p><!--more--><\/p>\n<p>Seg\u00fan fuentes extraoficiales, Saavedra se habr\u00eda autolesionado durante la actividad de recreaci\u00f3n en el ba\u00f1o y fue encontrado por otro interno. Fue trasladado de inmediato al hospital del Milagro, pero en ese nosocomio perdi\u00f3 la vida.<\/p>\n<p>Desde el Poder Judicial informaron a MUY CRITICO que la notificaci\u00f3n para una posible suspensi\u00f3n del juicio sale en las primeras horas de ma\u00f1ana y se dar\u00e1 a conocer a las partes que toman intervenci\u00f3n en el proceso, es decir: fiscal\u00eda, querella y obviamente la defensa.<\/p>\n<p><img loading=\"lazy\" decoding=\"async\" class=\"aligncenter size-full wp-image-1948\" src=\"https:\/\/muycritico.com.ar\/web\/wp-content\/uploads\/2024\/05\/CHINO-SAAVEDRA.jpg\" alt=\"\" width=\"900\" height=\"538\" srcset=\"https:\/\/muycritico.com.ar\/web\/wp-content\/uploads\/2024\/05\/CHINO-SAAVEDRA.jpg 900w, https:\/\/muycritico.com.ar\/web\/wp-content\/uploads\/2024\/05\/CHINO-SAAVEDRA-768x459.jpg 768w\" sizes=\"auto, (max-width: 900px) 100vw, 900px\" \/><\/p>\n<p>Cabe recordar que el viernes 27 de enero de 2017 Jimena Beatriz Salas fue brutalmente asesinada, seg\u00fan los an\u00e1lisis en el cuerpo de la v\u00edctima la mujer recibi\u00f3 m\u00e1s de 40 pu\u00f1aladas. Desde entonces la justicia salte\u00f1a no pudo dar con \u00e9l o los culpables, en 2021 juzg\u00f3 al exesposo de la v\u00edctima, Nicol\u00e1s Cajal Gauff\u00edn y a un vendedor ambulante, Sergio Vargas, alias &#8220;Porte\u00f1o&#8221;, quienes fueron absueltos por la duda.<\/p>\n<p><img loading=\"lazy\" decoding=\"async\" class=\"aligncenter size-full wp-image-2086\" src=\"https:\/\/muycritico.com.ar\/web\/wp-content\/uploads\/2024\/05\/CHINO-SAAVEDRA-1.jpg\" alt=\"\" width=\"720\" height=\"733\" \/><\/p>\n<p>Los nuevos imputados para este segundo juicio son los hermanos Saavedra, de los cuales Javier alias \u201cel Chino\u201d era uno de ellos.<\/p>\n<p><img loading=\"lazy\" decoding=\"async\" class=\"aligncenter size-full wp-image-9496\" src=\"https:\/\/muycritico.com.ar\/web\/wp-content\/uploads\/2025\/09\/jimena-salas.jpg\" alt=\"\" width=\"803\" height=\"617\" srcset=\"https:\/\/muycritico.com.ar\/web\/wp-content\/uploads\/2025\/09\/jimena-salas.jpg 803w, https:\/\/muycritico.com.ar\/web\/wp-content\/uploads\/2025\/09\/jimena-salas-768x590.jpg 768w\" sizes=\"auto, (max-width: 803px) 100vw, 803px\" \/><\/p>\n","protected":false},"excerpt":{"rendered":"<p>Javier Saavedra, el principal imputado por el crimen de Jimena Salas, falleci\u00f3 este lunes por causas que se intentan establecer. Iba a ser juzgado junto a sus dos hermanos desde este martes, se encontraba alojado en el pabell\u00f3n D de la Alcald\u00eda Judicial. Seg\u00fan trascendidos se habr\u00eda quitado la vida autolesion\u00e1ndose durante la actividad de [&hellip;]<\/p>\n","protected":false},"author":2,"featured_media":4912,"comment_status":"open","ping_status":"closed","sticky":false,"template":"","format":"standard","meta":{"footnotes":""},"categories":[6],"tags":[872],"class_list":["post-9869","post","type-post","status-publish","format-standard","has-post-thumbnail","hentry","category-notas","tag-victor-sacca"],"_links":{"self":[{"href":"https:\/\/muycritico.com.ar\/web\/index.php?rest_route=\/wp\/v2\/posts\/9869","targetHints":{"allow":["GET"]}}],"collection":[{"href":"https:\/\/muycritico.com.ar\/web\/index.php?rest_route=\/wp\/v2\/posts"}],"about":[{"href":"https:\/\/muycritico.com.ar\/web\/index.php?rest_route=\/wp\/v2\/types\/post"}],"author":[{"embeddable":true,"href":"https:\/\/muycritico.com.ar\/web\/index.php?rest_route=\/wp\/v2\/users\/2"}],"replies":[{"embeddable":true,"href":"https:\/\/muycritico.com.ar\/web\/index.php?rest_route=%2Fwp%2Fv2%2Fcomments&post=9869"}],"version-history":[{"count":5,"href":"https:\/\/muycritico.com.ar\/web\/index.php?rest_route=\/wp\/v2\/posts\/9869\/revisions"}],"predecessor-version":[{"id":9900,"href":"https:\/\/muycritico.com.ar\/web\/index.php?rest_route=\/wp\/v2\/posts\/9869\/revisions\/9900"}],"wp:featuredmedia":[{"embeddable":true,"href":"https:\/\/muycritico.com.ar\/web\/index.php?rest_route=\/wp\/v2\/media\/4912"}],"wp:attachment":[{"href":"https:\/\/muycritico.com.ar\/web\/index.php?rest_route=%2Fwp%2Fv2%2Fmedia&parent=9869"}],"wp:term":[{"taxonomy":"category","embeddable":true,"href":"https:\/\/muycritico.com.ar\/web\/index.php?rest_route=%2Fwp%2Fv2%2Fcategories&post=9869"},{"taxonomy":"post_tag","embeddable":true,"href":"https:\/\/muycritico.com.ar\/web\/index.php?rest_route=%2Fwp%2Fv2%2Ftags&post=9869"}],"curies":[{"name":"wp","href":"https:\/\/api.w.org\/{rel}","templated":true}]}}