{"id":9855,"date":"2025-09-15T18:05:02","date_gmt":"2025-09-15T21:05:02","guid":{"rendered":"https:\/\/muycritico.com.ar\/web\/?p=9855"},"modified":"2026-01-18T15:36:08","modified_gmt":"2026-01-18T18:36:08","slug":"los-audios-de-lopez-y-el-multiverso-de-ramos-ossorio","status":"publish","type":"post","link":"https:\/\/muycritico.com.ar\/web\/?p=9855","title":{"rendered":"LOS AUDIOS DE L\u00d3PEZ Y EL MULTIVERSO DE RAMOS OSSORIO"},"content":{"rendered":"<p><strong>El malogrado concejal elegido por Emilia Orozco tras ser eyectado del Concejo deliberante y ser denunciado por su pareja por exigir dinero a cambio de favores sexuales, hizo su aparici\u00f3n p\u00fablica. Apenas se detect\u00f3 su presencia fue escrachado y avergonzado en la v\u00eda p\u00fablica. \u201cEste es el ped\u00eda que le chupen el pito por 10 mil pesos\u201d, se escucha que le espetan a lo que L\u00f3pez responde que pronto se demostrar\u00e1 su inocencia, envalentonado seguramente por la resoluci\u00f3n emitida por el fiscal Ramos Ossorio desestimando los audios. \u00a0\u00a0\u00a0<\/strong><!--more--><\/p>\n<p>El concepto del multiverso se introdujo en los comic como un gran recurso narrativo en productos de DC, Marvel y Disney, aunque podr\u00edan tambi\u00e9n abarcar a los fallos que emite la justicia salte\u00f1a. El artilugio argumental con el que los guionistas han dotado a sus historias consisten en crear l\u00edneas temporales divergentes, estableciendo que alterar el pasado generaba ramas en la realidad, lo cual fue la base para el Universo Cinematogr\u00e1fico de Marvel, por ejemplo explorado en la serie Loki, en su antecesora Avengers: Endgame; tambien en la serie Pacemaker y utilizada por la competencia DC, en el film The Flash.<\/p>\n<p>El concepto tambi\u00e9n podr\u00eda formar parte del cap\u00edtulo judicial en el cual <strong>Ramiro Ramos Ossorio<\/strong> beneficia expl\u00edcitamente a <strong>Pablo Emanuel L\u00f3pez<\/strong>, emitiendo una resoluci\u00f3n desde el <strong>Tribunal de Impugnaci\u00f3n de Salta<\/strong> declarando nulos los audios que motivaron la denuncia contra el exconcejal, en los que se lo escuchaba ofrecer beneficios econ\u00f3micos a una militante a cambio de sexo oral.<\/p>\n<blockquote class=\"instagram-media\" style=\"background: #FFF; border: 0; border-radius: 3px; box-shadow: 0 0 1px 0 rgba(0,0,0,0.5),0 1px 10px 0 rgba(0,0,0,0.15); margin: 1px; max-width: 540px; min-width: 326px; padding: 0; width: calc(100% - 2px);\" data-instgrm-captioned=\"\" data-instgrm-permalink=\"https:\/\/www.instagram.com\/reel\/DOmR2wDkUpB\/?utm_source=ig_embed&amp;utm_campaign=loading\" data-instgrm-version=\"14\">\n<div style=\"padding: 16px;\">\n<p>&nbsp;<\/p>\n<div style=\"display: flex; flex-direction: row; align-items: center;\">\n<div style=\"background-color: #f4f4f4; border-radius: 50%; flex-grow: 0; height: 40px; margin-right: 14px; width: 40px;\"><\/div>\n<div style=\"display: flex; flex-direction: column; flex-grow: 1; justify-content: center;\">\n<div style=\"background-color: #f4f4f4; border-radius: 4px; flex-grow: 0; height: 14px; margin-bottom: 6px; width: 100px;\"><\/div>\n<div style=\"background-color: #f4f4f4; border-radius: 4px; flex-grow: 0; height: 14px; width: 60px;\"><\/div>\n<\/div>\n<\/div>\n<div style=\"padding: 19% 0;\"><\/div>\n<div style=\"display: block; height: 50px; margin: 0 auto 12px; width: 50px;\"><\/div>\n<div style=\"padding-top: 8px;\">\n<div style=\"color: #3897f0; font-family: Arial,sans-serif; font-size: 14px; font-style: normal; font-weight: 550; line-height: 18px;\">Ver esta publicaci\u00f3n en Instagram<\/div>\n<\/div>\n<div style=\"padding: 12.5% 0;\"><\/div>\n<div style=\"display: flex; flex-direction: row; margin-bottom: 14px; align-items: center;\">\n<div>\n<div style=\"background-color: #f4f4f4; border-radius: 50%; height: 12.5px; width: 12.5px; transform: translateX(0px) translateY(7px);\"><\/div>\n<div style=\"background-color: #f4f4f4; height: 12.5px; transform: rotate(-45deg) translateX(3px) translateY(1px); width: 12.5px; flex-grow: 0; margin-right: 14px; margin-left: 2px;\"><\/div>\n<div style=\"background-color: #f4f4f4; border-radius: 50%; height: 12.5px; width: 12.5px; transform: translateX(9px) translateY(-18px);\"><\/div>\n<\/div>\n<div style=\"margin-left: 8px;\">\n<div style=\"background-color: #f4f4f4; border-radius: 50%; flex-grow: 0; height: 20px; width: 20px;\"><\/div>\n<div style=\"width: 0; height: 0; border-top: 2px solid transparent; border-left: 6px solid #f4f4f4; border-bottom: 2px solid transparent; transform: translateX(16px) translateY(-4px) rotate(30deg);\"><\/div>\n<\/div>\n<div style=\"margin-left: auto;\">\n<div style=\"width: 0px; border-top: 8px solid #F4F4F4; border-right: 8px solid transparent; transform: translateY(16px);\"><\/div>\n<div style=\"background-color: #f4f4f4; flex-grow: 0; height: 12px; width: 16px; transform: translateY(-4px);\"><\/div>\n<div style=\"width: 0; height: 0; border-top: 8px solid #F4F4F4; border-left: 8px solid transparent; transform: translateY(-4px) translateX(8px);\"><\/div>\n<\/div>\n<\/div>\n<div style=\"display: flex; flex-direction: column; flex-grow: 1; justify-content: center; margin-bottom: 24px;\">\n<div style=\"background-color: #f4f4f4; border-radius: 4px; flex-grow: 0; height: 14px; margin-bottom: 6px; width: 224px;\"><\/div>\n<div style=\"background-color: #f4f4f4; border-radius: 4px; flex-grow: 0; height: 14px; width: 144px;\"><\/div>\n<\/div>\n<p>&nbsp;<\/p>\n<p style=\"color: #c9c8cd; font-family: Arial,sans-serif; font-size: 14px; line-height: 17px; margin-bottom: 0; margin-top: 8px; overflow: hidden; padding: 8px 0 7px; text-align: center; text-overflow: ellipsis; white-space: nowrap;\"><a style=\"color: #c9c8cd; font-family: Arial,sans-serif; font-size: 14px; font-style: normal; font-weight: normal; line-height: 17px; text-decoration: none;\" href=\"https:\/\/www.instagram.com\/reel\/DOmR2wDkUpB\/?utm_source=ig_embed&amp;utm_campaign=loading\" target=\"_blank\" rel=\"noopener\">Una publicaci\u00f3n compartida por Muy Critico (@muycriticodigital)<\/a><\/p>\n<\/div>\n<\/blockquote>\n<p><script async src=\"\/\/www.instagram.com\/embed.js\"><\/script><\/p>\n<p>Parece ser una realidad alterna donde la decisi\u00f3n del fiscal Ramos Ossorio de declarar inadmisibles los contundentes audios de L\u00f3pez \u2013grabados por la v\u00edctima\u2013 crea una realidad alterna donde semejante aberraci\u00f3n como violentar a una mujer al exigirle sexo oral a cambio de una suma de dinero, es \u201cinadmisible\u201d; sabr\u00e1 Dios debido a que tecnicismo retorcidos dentro del C\u00f3digo Penal o de la frondosa imaginaci\u00f3n de un fiscal que tiene un protagonismo preponderante dentro del andamiaje del Poder judicial.<\/p>\n<p>La decisi\u00f3n en el caso del exconcejal libertario se tom\u00f3 luego de detectarse la falta de fundamentaci\u00f3n en la medida dispuesta por la fiscal. El secuestro de los celulares y las pruebas obtenidas a partir de ellos no podr\u00e1n ser utilizados en el expediente. El Tribunal adem\u00e1s apart\u00f3 de la causa a la fiscal penal de Delitos contra la Integridad Sexual N\u00b0 3, Celina Morales. Esto sin la m\u00e1s m\u00ednima explicaci\u00f3n para el estimado p\u00fablico.<\/p>\n<p>Todo a favor de Pablo L\u00f3pez, quien ahora se anima a salir a la calle a pesar del repudio social, lo que gener\u00f3 un momento tenso que se convirti\u00f3 en un video viral donde se escucha como lo escrachan y el iracundo ex libertario reclama su inocencia. Incluso impulsando d\u00edas antes una movida donde se auto percibe v\u00edctima de una \u201cfalsa denuncia\u201d.<\/p>\n<p>Esto \u00faltimo una verdadera burla, ya que el audio tiene tal contundencia que a L\u00f3pez le signific\u00f3 una condena social de tal gravedad que apenas asoma sus enormes anteojos por la v\u00eda publica es increpado por los transe\u00fantes y repudiado por haber humillado a su v\u00edctima, a quien el espacio de \u00a0La Libertad Avanza en Salta hasta la hora no se le ha conocido ni siquiera un comunicado en el que se solidaricen con ella.<\/p>\n<p>Pero que se puede esperar de los libertarios de Salta si el mismo fiscal mira para otro lado ante semejante violencia y emite una resoluci\u00f3n ininteligible, donde solo \u00e9l puede interpretar que L\u00f3pez no incurre en una extorci\u00f3n flagrante al exigirle dinero por favores sexuales.<\/p>\n<p>Ergo, Ramos Ossorio es tan creativo en su resoluci\u00f3n que acaba de generar un \u201cspin off\u201d de la delirante saga de L\u00f3pez tras los desafortunados eventos en el Concejo deliberante del <em>implantado capilar Madile<\/em>, donde incluso se fagocitan delirantes episodios previos en lo que el abogado del ex concejal le dice a la Prensa local que su cliente alude que el sujeto de los audios no es su representado. \u00bfSera que la IA tambi\u00e9n tuco la culpa?<\/p>\n<p>Todos estos desopilantes episodios forman parte de la surrealista \u00a0temporada protagonizada por la versi\u00f3n libertaria de Salta, donde otros personajes de esta tragicomedia que componen el universo libertario son <strong>Emilia Orozco<\/strong>, participante activa de muchas cr\u00f3nicas que no tuvieron desperdicio, tales como el faltazo a la Comisi\u00f3n de Libre Expresi\u00f3n, su viaje a Dubai, su pelea con la prensa local, con la prensa nacional \u2013con Rial\u2013 su aparici\u00f3n en los audios de los diezmos libertarios, tambi\u00e9n desestimados por Ramos Ossorio(!).<\/p>\n<p>Cabe recordar que Orozco es quien llev\u00f3 a Pablo L\u00f3pez a formar parte de LLA de Salta y obvio a quien defendi\u00f3 hasta el \u00faltimo momento en videos de Tiktok, cuando la situaci\u00f3n ya les quemaba pero que a\u00fan ten\u00edan tiempo hasta que Madile, con menos reacci\u00f3n que una ameba, regresara de sus lujosas vacaciones \u201ccon la nuestra\u201d como apunt\u00f3 un conocido periodista.<\/p>\n<p>A pesar de que los libertarios le soltaron la mano a L\u00f3pez y lo expulsaran como un sarnoso de la sede del partido y del espacio pol\u00edtico, con puteadas del <strong>Gordo Dan <\/strong>incluidas; ahora es el fiscal el que le da un margen para que pueda zafar de una pena incluso con c\u00e1rcel, proveniente de un delito que de haber sido cometido por alg\u00fan sujeto de Barrio Solidaridad iba en cana por muchos a\u00f1os.<\/p>\n<p>Ergo, en el universo libertario de los metaversos creados a partir de fallos ins\u00f3litos a cargo de fiscales que se los ve entrar al <strong>Macro Selecta<\/strong> a sacarle chispas a sus tarjetas negras; habr\u00e1 que convivir con esta clase de novedades, las cuales no son compartidas para nada con la sociedad que escracha a L\u00f3pez cada vez que salga a la calle.<\/p>\n<p>Sera justicia\u2026 pero en otro metaverso.<\/p>\n","protected":false},"excerpt":{"rendered":"<p>El malogrado concejal elegido por Emilia Orozco tras ser eyectado del Concejo deliberante y ser denunciado por su pareja por exigir dinero a cambio de favores sexuales, hizo su aparici\u00f3n p\u00fablica. Apenas se detect\u00f3 su presencia fue escrachado y avergonzado en la v\u00eda p\u00fablica. \u201cEste es el ped\u00eda que le chupen el pito por 10 [&hellip;]<\/p>\n","protected":false},"author":2,"featured_media":9856,"comment_status":"open","ping_status":"closed","sticky":false,"template":"","format":"standard","meta":{"footnotes":""},"categories":[3],"tags":[88,1158,1068,872],"class_list":["post-9855","post","type-post","status-publish","format-standard","has-post-thumbnail","hentry","category-editorial","tag-emilia-orozco","tag-pablo-emanuel-lopez","tag-ramiro-ramos-ossorio","tag-victor-sacca"],"_links":{"self":[{"href":"https:\/\/muycritico.com.ar\/web\/index.php?rest_route=\/wp\/v2\/posts\/9855","targetHints":{"allow":["GET"]}}],"collection":[{"href":"https:\/\/muycritico.com.ar\/web\/index.php?rest_route=\/wp\/v2\/posts"}],"about":[{"href":"https:\/\/muycritico.com.ar\/web\/index.php?rest_route=\/wp\/v2\/types\/post"}],"author":[{"embeddable":true,"href":"https:\/\/muycritico.com.ar\/web\/index.php?rest_route=\/wp\/v2\/users\/2"}],"replies":[{"embeddable":true,"href":"https:\/\/muycritico.com.ar\/web\/index.php?rest_route=%2Fwp%2Fv2%2Fcomments&post=9855"}],"version-history":[{"count":2,"href":"https:\/\/muycritico.com.ar\/web\/index.php?rest_route=\/wp\/v2\/posts\/9855\/revisions"}],"predecessor-version":[{"id":9863,"href":"https:\/\/muycritico.com.ar\/web\/index.php?rest_route=\/wp\/v2\/posts\/9855\/revisions\/9863"}],"wp:featuredmedia":[{"embeddable":true,"href":"https:\/\/muycritico.com.ar\/web\/index.php?rest_route=\/wp\/v2\/media\/9856"}],"wp:attachment":[{"href":"https:\/\/muycritico.com.ar\/web\/index.php?rest_route=%2Fwp%2Fv2%2Fmedia&parent=9855"}],"wp:term":[{"taxonomy":"category","embeddable":true,"href":"https:\/\/muycritico.com.ar\/web\/index.php?rest_route=%2Fwp%2Fv2%2Fcategories&post=9855"},{"taxonomy":"post_tag","embeddable":true,"href":"https:\/\/muycritico.com.ar\/web\/index.php?rest_route=%2Fwp%2Fv2%2Ftags&post=9855"}],"curies":[{"name":"wp","href":"https:\/\/api.w.org\/{rel}","templated":true}]}}