{"id":9849,"date":"2025-09-14T21:48:14","date_gmt":"2025-09-15T00:48:14","guid":{"rendered":"https:\/\/muycritico.com.ar\/web\/?p=9849"},"modified":"2026-01-18T19:29:29","modified_gmt":"2026-01-18T22:29:29","slug":"la-peregrina-damiana-conocio-su-mural-y-se-emociono-hasta-las-lagrimas","status":"publish","type":"post","link":"https:\/\/muycritico.com.ar\/web\/?p=9849","title":{"rendered":"LA PEREGRINA DAMIANA CONOCI\u00d3 SU MURAL Y SE EMOCION\u00d3 HASTA LAS L\u00c1GRIMAS"},"content":{"rendered":"<p><strong>La obra fue realizada por Heber Artaza y se ubica justamente en la Rotonda del Peregrino (Rotonda de Limache). Desde hace m\u00e1s de 25 a\u00f1os, la mujer de 86 a\u00f1os, hace el mismo recorrido, desde Tolar Grande hasta Salta Capital, para honrar al Se\u00f1or y a la Virgen del Milagro.<\/strong><\/p>\n<p><!--more--><\/p>\n<p>Esta ma\u00f1ana se produjo un hecho emocionante con la llegada de la hist\u00f3rica peregrina, Damiana Luzco, desde Tolar Grande, La Puna, ya que en la Rotonda del Peregrino (Rotonda de Limache) se la recibi\u00f3 con un mural dedicado hacia ella.<\/p>\n<p>La obra en la que se encuentra la figura de la peregrina de 86 a\u00f1os fue realizada por el artista Heber Artaza. Desde hace m\u00e1s de 25 a\u00f1os, Damiana efect\u00faa el mismo recorrido, caminando m\u00e1s de 300 kil\u00f3metros hasta llegar a Salta capital, para honrar al Se\u00f1or y a la Virgen del Milagro.<\/p>\n<p>\u201cEstamos muy felices por el gran momento que se vivi\u00f3 en el lugar. Damiana agradeci\u00f3 al intendente y a todo el Plan de Muralismo por tenerla en cuenta y reflejarla en una gran obra\u201d, dijo Violeta Barrabino, directora general de Seguimiento de Gesti\u00f3n de la Municipalidad.<\/p>\n<p>Por su parte, Heber Artaza, explic\u00f3 que con el mural se busc\u00f3 reconocer el gran esfuerzo que realiza Damiana hace m\u00e1s de dos d\u00e9cadas, ya que es una referente hist\u00f3rica de todos los peregrinos de la provincia.<\/p>\n<p>\u201cEstoy muy feliz, gracias infinitamente al Intendente Durand por el amor que me tienen en Salta\u201d, dijo visiblemente conmovida Damiana.<\/p>\n<p><iframe loading=\"lazy\" title=\"La peregrina Damiana conoci\u00f3 su mural y se emocion\u00f3 hasta las l\u00e1grimas\" width=\"696\" height=\"392\" src=\"https:\/\/www.youtube.com\/embed\/8HY-G7290fs?feature=oembed\" frameborder=\"0\" allow=\"accelerometer; autoplay; clipboard-write; encrypted-media; gyroscope; picture-in-picture; web-share\" referrerpolicy=\"strict-origin-when-cross-origin\" allowfullscreen><\/iframe><\/p>\n","protected":false},"excerpt":{"rendered":"<p>La obra fue realizada por Heber Artaza y se ubica justamente en la Rotonda del Peregrino (Rotonda de Limache). Desde hace m\u00e1s de 25 a\u00f1os, la mujer de 86 a\u00f1os, hace el mismo recorrido, desde Tolar Grande hasta Salta Capital, para honrar al Se\u00f1or y a la Virgen del Milagro.<\/p>\n","protected":false},"author":2,"featured_media":9850,"comment_status":"open","ping_status":"closed","sticky":false,"template":"","format":"standard","meta":{"footnotes":""},"categories":[1],"tags":[872],"class_list":["post-9849","post","type-post","status-publish","format-standard","has-post-thumbnail","hentry","category-sin-categoria","tag-victor-sacca"],"_links":{"self":[{"href":"https:\/\/muycritico.com.ar\/web\/index.php?rest_route=\/wp\/v2\/posts\/9849","targetHints":{"allow":["GET"]}}],"collection":[{"href":"https:\/\/muycritico.com.ar\/web\/index.php?rest_route=\/wp\/v2\/posts"}],"about":[{"href":"https:\/\/muycritico.com.ar\/web\/index.php?rest_route=\/wp\/v2\/types\/post"}],"author":[{"embeddable":true,"href":"https:\/\/muycritico.com.ar\/web\/index.php?rest_route=\/wp\/v2\/users\/2"}],"replies":[{"embeddable":true,"href":"https:\/\/muycritico.com.ar\/web\/index.php?rest_route=%2Fwp%2Fv2%2Fcomments&post=9849"}],"version-history":[{"count":1,"href":"https:\/\/muycritico.com.ar\/web\/index.php?rest_route=\/wp\/v2\/posts\/9849\/revisions"}],"predecessor-version":[{"id":9851,"href":"https:\/\/muycritico.com.ar\/web\/index.php?rest_route=\/wp\/v2\/posts\/9849\/revisions\/9851"}],"wp:featuredmedia":[{"embeddable":true,"href":"https:\/\/muycritico.com.ar\/web\/index.php?rest_route=\/wp\/v2\/media\/9850"}],"wp:attachment":[{"href":"https:\/\/muycritico.com.ar\/web\/index.php?rest_route=%2Fwp%2Fv2%2Fmedia&parent=9849"}],"wp:term":[{"taxonomy":"category","embeddable":true,"href":"https:\/\/muycritico.com.ar\/web\/index.php?rest_route=%2Fwp%2Fv2%2Fcategories&post=9849"},{"taxonomy":"post_tag","embeddable":true,"href":"https:\/\/muycritico.com.ar\/web\/index.php?rest_route=%2Fwp%2Fv2%2Ftags&post=9849"}],"curies":[{"name":"wp","href":"https:\/\/api.w.org\/{rel}","templated":true}]}}