{"id":9842,"date":"2025-09-14T12:01:26","date_gmt":"2025-09-14T15:01:26","guid":{"rendered":"https:\/\/muycritico.com.ar\/web\/?p=9842"},"modified":"2026-01-18T19:12:48","modified_gmt":"2026-01-18T22:12:48","slug":"saenz-participo-del-primer-dia-del-triduo-del-milagro","status":"publish","type":"post","link":"https:\/\/muycritico.com.ar\/web\/?p=9842","title":{"rendered":"S\u00c1ENZ PARTICIP\u00d3 DEL PRIMER D\u00cdA DEL TRIDUO DEL MILAGRO"},"content":{"rendered":"<p><strong>El Triduo de Pontificales comenz\u00f3 con la misa estacional en honor a la Solemnidad de la Bienaventurada Virgen del Milagro.<\/strong><\/p>\n<p><!--more--><\/p>\n<p>El gobernador Gustavo S\u00e1enz acompa\u00f1ado por su esposa Elena Cornejo particip\u00f3 en la Catedral Bas\u00edlica de la primera jornada del Triduo de Pontificales que como todos los a\u00f1os se celebra por las festividades en honor al Se\u00f1or y la Virgen del Milagro.<\/p>\n<p>La misa estacional fue oficiada por el obispo de Cafayate Dar\u00edo\u00a0 Quintana quien, al principio de su homil\u00eda, agradeci\u00f3 al Arzobispo de Salta, Mario Antonio Cargnello, la invitaci\u00f3n para oficiar la celebraci\u00f3n de la Solemnidad de la Bienaventurada Virgen del Milagro.<\/p>\n<p>\u201cEsta celebraci\u00f3n no s\u00f3lo es el recuerdo de eventos pasados, sino tambi\u00e9n el s\u00edmbolo de la protecci\u00f3n maternal de Maria. Es una historia de fe\u201d\u2019 dijo el Obispo.<\/p>\n<p>Se\u00f1al\u00f3 que en tiempos atravesados por grandes tristezas, \u201cla Virgen es modelo de mujer fuerte que atiende a la palabra de Dios\u201d.<\/p>\n<p>En las fiestas en honor al Se\u00f1or y la Virgen del Milagro, esta vez bajo la gracia del A\u00f1o Santo por el Jubileo 2025 \u201cPeregrinos de Esperanza\u201d, el obispo llam\u00f3 a \u201cavivar la llama de la esperanza que se nos ha dado y ayudar a todos a encontrar nuevas fuerzas y certezas, mirando al futuro\u201d.<\/p>\n<p>En este Milagro consider\u00f3 que los peregrinos representan \u201cla gracia del encuentro\u201d y que \u201ctoda nuestra vida es un peregrinar hacia el Padre Celestial y a la vida eterna que se nos ofrece\u201d.<\/p>\n<p>Antes de la bendici\u00f3n final, monse\u00f1or Cargnello resalt\u00f3 que los peregrinos y quienes los asisten en su camino \u201cson un recordatorio de la profundidad de la humanidad. Nos gritan que una sociedad distinta es posible\u201d.<\/p>\n<p><img loading=\"lazy\" decoding=\"async\" class=\"aligncenter size-full wp-image-9844\" src=\"https:\/\/muycritico.com.ar\/web\/wp-content\/uploads\/2025\/09\/triduo2.jpg\" alt=\"\" width=\"884\" height=\"588\" srcset=\"https:\/\/muycritico.com.ar\/web\/wp-content\/uploads\/2025\/09\/triduo2.jpg 884w, https:\/\/muycritico.com.ar\/web\/wp-content\/uploads\/2025\/09\/triduo2-768x511.jpg 768w\" sizes=\"auto, (max-width: 884px) 100vw, 884px\" \/><\/p>\n<p>Adem\u00e1s explic\u00f3 que la m\u00fasica de esta misa present\u00f3 una selecci\u00f3n musical de las misiones jesu\u00edticas chiquitanas de Bolivia. \u201cLa calidad de estas piezas del barroco misional es tan alta que no tiene nada que envidiar al barroco veneciano, demostrando que la Iglesia, cuando se pone al servicio de los dem\u00e1s, dignifica y emociona\u201d.<\/p>\n<p>Por \u00faltimo, se\u00f1al\u00f3 que al proponer esta misa de la Chiquitan\u00eda y que interpret\u00f3 el coro de la Universidad Cat\u00f3lica de Salta \u201csolo buscamos transmitir un mensaje: la Iglesia ha servido, quiere servir y servir\u00e1 siempre a la humanidad\u201d.<\/p>\n<p><img loading=\"lazy\" decoding=\"async\" class=\"aligncenter size-full wp-image-9845\" src=\"https:\/\/muycritico.com.ar\/web\/wp-content\/uploads\/2025\/09\/triduo3.jpg\" alt=\"\" width=\"882\" height=\"588\" srcset=\"https:\/\/muycritico.com.ar\/web\/wp-content\/uploads\/2025\/09\/triduo3.jpg 882w, https:\/\/muycritico.com.ar\/web\/wp-content\/uploads\/2025\/09\/triduo3-768x512.jpg 768w\" sizes=\"auto, (max-width: 882px) 100vw, 882px\" \/><\/p>\n<p>Tambi\u00e9n estuvieron presentes en la misa estacional, el secretario de la Nunciatura Apost\u00f3lica en Argentina, monse\u00f1or Daniele Liessi; los obispos em\u00e9ritos de Canelones (Uruguay), Alberto Sanguinetti y de Venado Tuerto, Gustavo Help; el arzobispo de Rosario, Eduardo Mart\u00edn; el Tucum\u00e1n, Carlos S\u00e1nchez; el vicegobernador de la Provincia, Antonio Marocco; el ministro de Gobierno, Derechos Humanos y Trabajo, Ricardo Villada; representantes de las fuerza de seguridad entre otras autoridades.<\/p>\n<p>Durante estos d\u00edas se recuerda la intercesi\u00f3n milagrosa de la Virgen y la protecci\u00f3n del Santo Cristo Crucificado durante los temblores que azotaron la regi\u00f3n en 1692. Desde entonces, cada a\u00f1o los fieles renuevan su pacto de fidelidad y piden la protecci\u00f3n de los Patronos a sus hogares.<\/p>\n","protected":false},"excerpt":{"rendered":"<p>El Triduo de Pontificales comenz\u00f3 con la misa estacional en honor a la Solemnidad de la Bienaventurada Virgen del Milagro.<\/p>\n","protected":false},"author":2,"featured_media":9843,"comment_status":"open","ping_status":"closed","sticky":false,"template":"","format":"standard","meta":{"footnotes":""},"categories":[6],"tags":[872],"class_list":["post-9842","post","type-post","status-publish","format-standard","has-post-thumbnail","hentry","category-notas","tag-victor-sacca"],"_links":{"self":[{"href":"https:\/\/muycritico.com.ar\/web\/index.php?rest_route=\/wp\/v2\/posts\/9842","targetHints":{"allow":["GET"]}}],"collection":[{"href":"https:\/\/muycritico.com.ar\/web\/index.php?rest_route=\/wp\/v2\/posts"}],"about":[{"href":"https:\/\/muycritico.com.ar\/web\/index.php?rest_route=\/wp\/v2\/types\/post"}],"author":[{"embeddable":true,"href":"https:\/\/muycritico.com.ar\/web\/index.php?rest_route=\/wp\/v2\/users\/2"}],"replies":[{"embeddable":true,"href":"https:\/\/muycritico.com.ar\/web\/index.php?rest_route=%2Fwp%2Fv2%2Fcomments&post=9842"}],"version-history":[{"count":1,"href":"https:\/\/muycritico.com.ar\/web\/index.php?rest_route=\/wp\/v2\/posts\/9842\/revisions"}],"predecessor-version":[{"id":9846,"href":"https:\/\/muycritico.com.ar\/web\/index.php?rest_route=\/wp\/v2\/posts\/9842\/revisions\/9846"}],"wp:featuredmedia":[{"embeddable":true,"href":"https:\/\/muycritico.com.ar\/web\/index.php?rest_route=\/wp\/v2\/media\/9843"}],"wp:attachment":[{"href":"https:\/\/muycritico.com.ar\/web\/index.php?rest_route=%2Fwp%2Fv2%2Fmedia&parent=9842"}],"wp:term":[{"taxonomy":"category","embeddable":true,"href":"https:\/\/muycritico.com.ar\/web\/index.php?rest_route=%2Fwp%2Fv2%2Fcategories&post=9842"},{"taxonomy":"post_tag","embeddable":true,"href":"https:\/\/muycritico.com.ar\/web\/index.php?rest_route=%2Fwp%2Fv2%2Ftags&post=9842"}],"curies":[{"name":"wp","href":"https:\/\/api.w.org\/{rel}","templated":true}]}}