{"id":9828,"date":"2025-09-13T21:58:29","date_gmt":"2025-09-14T00:58:29","guid":{"rendered":"https:\/\/muycritico.com.ar\/web\/?p=9828"},"modified":"2026-01-18T15:36:08","modified_gmt":"2026-01-18T18:36:08","slug":"uno-de-los-nuestros","status":"publish","type":"post","link":"https:\/\/muycritico.com.ar\/web\/?p=9828","title":{"rendered":"UNO DE LOS NUESTROS"},"content":{"rendered":"<p><strong>Sin dudas el hecho que marc\u00f3 la agenda pol\u00edtica en el a\u00f1o y atraves\u00f3 al gobierno nacional es la aparici\u00f3n de los audios de Diego Spagnuolo, el ex titular de Andis, a quien echaron tras el esc\u00e1ndalo. La publicaci\u00f3n de los mencionados audios de quien fuera unas semanas antes, \u00edntimo amigo de Javier Milei, detonaron una crisis que desde el gabinete presidencial minimizaron como una \u201coperaci\u00f3n\u201d para da\u00f1ar al Ejecutivo nacional; en lo que constituye un verdadero absurdo ya que la informaci\u00f3n brindada en esos testimonios proviene de alguien que pertenec\u00eda al mismo ri\u00f1\u00f3n del gobierno.<\/strong><\/p>\n<p><!--more--><\/p>\n<p>\u201cConserva a tus amigos cerca y a tus enemigos m\u00e1s cerca\u201d, reza una de las m\u00e1ximas de la mafia que se populariz\u00f3 tras la publicaci\u00f3n de la tesis de <strong>Mario Puzo<\/strong>, la cual se convirti\u00f3 en un \u00e9xito instant\u00e1neo tras la adaptaci\u00f3n al cine. Parece ser el eje que sustenta una trama que promete m\u00e1s cap\u00edtulos, puertas adentro del gobierno de Milei y que m\u00e1s all\u00e1 de las implicancias escandalosos que provoc\u00f3 dej\u00f3 en evidencia una situaci\u00f3n muy clara en los roles: <em>Javier Milei es el ministro de econom\u00eda y Karina Milei es la presidenta de la naci\u00f3n<\/em>.<\/p>\n<p>Argentina viene de penosas experiencias en lo que tiene que ver con el doble comando en gobiernos que han sido un fracaso estrepitoso o que han sobrevivido a lo largo de los a\u00f1os pero que tuvieron resultados funestos sobre la poblaci\u00f3n. Otros dejaron un ba\u00f1o de sangre que le cost\u00f3 a la patria dictaduras como la de 1976, tras el pat\u00e9tico binomio <strong>Isabel Mart\u00ednez de Per\u00f3n<\/strong> y el brujo <strong>L\u00f3pez Rega<\/strong>, un asesino que seg\u00fan la novela de <strong>Thomas Eloy Mart\u00ednez<\/strong> estaba tan loco que pensaba hacer reencarnar a trav\u00e9s de su magia negra a Evita en el cuerpo de la viuda de Per\u00f3n.<\/p>\n<p>Otro ejemplo nefasto fue <strong>N\u00e9stor Kirchner<\/strong> y <strong>Cristina<\/strong>, cuando pretend\u00edan perpetrarse en el poder cambiando de vice a presidente y viceversa, hasta que la muerte los separe. Y la muerte los alcanz\u00f3, pero a N\u00e9stor; aunque la <strong>guerra con el campo<\/strong> ya se hab\u00eda perdido y el robo estaba en marcha. La muerte de \u00e9l perpetr\u00f3 el romance de ella con el pueblo adormecido por el populismo y los resultados nefastos fueron la calamitosa consecuencia de los Milei en el poder.<\/p>\n<p>La Argentina parece estar condenada a bucles que se repiten a lo largo de la historia dejando a personajes de dudosa procedencia intelectual y ps\u00edquica en el poder absoluto. Por ejemplo L\u00f3pez Rega frecuentaba a la Fraternidad Antiqua.<\/p>\n<p>All\u00ed abraz\u00f3 las pr\u00e1cticas del esoterismo, las que fagocit\u00f3 con elementos de la cultura popular, de las religiones afrobrasile\u00f1as, del ocultismo, del espiritismo, de las concepciones rosacruces. Ese nefasto sujeto ostent\u00f3 el poder absoluto en los a\u00f1os previos a la noche m\u00e1s oscura de la historia argentina, que fue del 76 al 83. Un asesino que cre\u00f3 la <strong>Triple A <\/strong>y que fue Ministro de Bienestar Social durante los gobiernos de <strong>H\u00e9ctor J. C\u00e1mpora<\/strong>, Ra\u00fal Alberto Lastiri, Juan Domingo Per\u00f3n e Isabel Per\u00f3n.<\/p>\n<p>En la misma sinton\u00eda de desatinos llegamos al binomio de los Milei y a la figura de Karina y sus cartas del Tarot. <strong>Mauricio Macri<\/strong> la llamaba despectivamente \u201cla tarotista\u201d, pero resulta que el tarot es cosa seria en Olivos. Al punto de que la alianza con \u00e9l (Macri) no prosper\u00f3 porque el sagrado mazo de 78 cartas no la recomend\u00f3. Hay otros tantos que despu\u00e9s lamentaron que Karina haya decidido \u201climpiarlos\u201d, solo por recomendaci\u00f3n del Tarot.<\/p>\n<p>All\u00ed es donde la banda de flotaci\u00f3n de las cartas del Tarot despliegan sus l\u00fadicos juegos mentales sobre los Milei y el poder de Karina parece subyacerlo todo, en especial con los Menem como aleros fieles.<\/p>\n<p><img loading=\"lazy\" decoding=\"async\" class=\"aligncenter size-full wp-image-9832\" src=\"https:\/\/muycritico.com.ar\/web\/wp-content\/uploads\/2025\/09\/KARINA-MILEI-1.jpg\" alt=\"\" width=\"720\" height=\"480\" \/><\/p>\n<p><strong>Los audios y Karina<\/strong><\/p>\n<p>Al parecer los audios muestran, seg\u00fan la declaraci\u00f3n de <strong>Fernando Cerimedo<\/strong>, el confidente de Spagnuolo que ratific\u00f3 la versi\u00f3n de los sobornos ante la Justicia. Este sujeto habr\u00eda dado a conocer una situaci\u00f3n en la que evidentemente Spagnuolo no se sent\u00eda c\u00f3modo viendo como el dinero iba y ven\u00eda frente a sus narices, lo que lo motiv\u00f3 a pedir m\u00e1s retornos.<\/p>\n<p>En ese punto es cuando aparece la figura de <strong>Eduardo \u201cLule\u201d Menem<\/strong>, quien le habr\u00eda dicho a Spagnuolo: \u201cPor ah\u00ed no es la cosa, Diego, no pod\u00e9s pedir m\u00e1s del 3%\u201d. El famoso 3% que a Karina Milei le vali\u00f3 una canci\u00f3n, la cual la oposici\u00f3n la canta con sorna y regocijo. Todo esto seg\u00fan los dichos en las declaraciones de Cerimedo, largamente explicadas por los periodistas del ciclo televisivo Wifi, donde <strong>Nicol\u00e1s Wi\u00f1azki<\/strong> hace gala de sus fuentes altamente confiables.<\/p>\n<figure id=\"attachment_9830\" aria-describedby=\"caption-attachment-9830\" style=\"width: 1066px\" class=\"wp-caption aligncenter\"><img loading=\"lazy\" decoding=\"async\" class=\"wp-image-9830 size-full\" src=\"https:\/\/muycritico.com.ar\/web\/wp-content\/uploads\/2025\/09\/cerimedo-cedoc-1.jpg\" alt=\"\" width=\"1066\" height=\"630\" srcset=\"https:\/\/muycritico.com.ar\/web\/wp-content\/uploads\/2025\/09\/cerimedo-cedoc-1.jpg 1066w, https:\/\/muycritico.com.ar\/web\/wp-content\/uploads\/2025\/09\/cerimedo-cedoc-1-768x454.jpg 768w\" sizes=\"auto, (max-width: 1066px) 100vw, 1066px\" \/><figcaption id=\"caption-attachment-9830\" class=\"wp-caption-text\">CEDOC<\/figcaption><\/figure>\n<p>Seg\u00fan la <strong>Revista Noticias<\/strong>, Cerimedo es uno de los personajes del momento en el esc\u00e1ndalo de las coimas. Spagnuolo en privado lo se\u00f1ala por haberlo grabado sin su consentimiento. La hip\u00f3tesis se completa con el rol del empresario de medios <strong>Franco Bindi<\/strong>, a quien Cerimedo le habr\u00eda hecho llegar los audios para que los difundiera. Al final, trascendieron en el canal de streaming de Jorge Rial, Carnaval.<\/p>\n<p>El Gobierno se divide entre dos hip\u00f3tesis. Una es la del d\u00fao Cerimedo-Bindi. La otra, m\u00e1s grave, y que no es p\u00fablica, apunta a que fue el propio Spagnuolo quien se grab\u00f3 a s\u00ed mismo y despu\u00e9s difundi\u00f3 los audios.<\/p>\n<p>Pero, \u00bfqui\u00e9n es Cerimedo y por qu\u00e9 est\u00e1 bajo sospecha? Se trata de un consultor que asesor\u00f3 al Gobierno en el \u00e1rea de Comunicaci\u00f3n Digital y que adem\u00e1s ser\u00eda parte de La Derecha Diario, el &#8220;house organ&#8221; del oficialismo en las redes. Pero no solo eso: la esposa de Cerimedo, Natalia Basil, fue hasta noviembre pasado una de las directoras de Discapacidad, a las \u00f3rdenes de Spagnuolo. El ex titular de Andis incluso la acus\u00f3 en privado de querer &#8220;serrucharle el piso&#8221;. La mujer renunci\u00f3, no se sabe si en disconformidad por las supuestas pr\u00e1cticas corruptas dentro del organismo.<\/p>\n<p><img loading=\"lazy\" decoding=\"async\" class=\"aligncenter size-full wp-image-9831\" src=\"https:\/\/muycritico.com.ar\/web\/wp-content\/uploads\/2025\/09\/milei-spagnuolo.jpg\" alt=\"\" width=\"866\" height=\"582\" srcset=\"https:\/\/muycritico.com.ar\/web\/wp-content\/uploads\/2025\/09\/milei-spagnuolo.jpg 866w, https:\/\/muycritico.com.ar\/web\/wp-content\/uploads\/2025\/09\/milei-spagnuolo-768x516.jpg 768w\" sizes=\"auto, (max-width: 866px) 100vw, 866px\" \/><\/p>\n<p>El propio Cermimedo neg\u00f3 que \u00e9l haya grabado a Spagnuolo o filtrado los audios, pero s\u00ed admiti\u00f3 que lo conoc\u00eda y que hablaban de lo que ocurr\u00eda en la Andis. Seg\u00fan su versi\u00f3n, Spagnuolo lo usaba de &#8220;oreja&#8221; para desahogarse. Este relato tampoco deja muy bien parado al Gobierno, con el que Cerimedo est\u00e1 distanciado desde hace tiempo. Los cortocircuitos p\u00fablicos empezaron en febrero, con el Caso Libra. En ese momento, Cerimedo, ya fuera del Gobierno, sali\u00f3 con los tapones de punta en sus redes: \u201cAl que dijo que era una idea copada que vaya buscando rinc\u00f3n del mundo donde esconderse\u201d. En la Casa Rosada se ley\u00f3 como una provocaci\u00f3n.<\/p>\n<p>A la revista Noticias dice que le consta que, ya en los meses anteriores al esc\u00e1ndalo, Cerimedo hablaba en off the record con periodistas sobre lo que ocurr\u00eda en Discapacidad. Fue as\u00ed, seguramente, como lleg\u00f3 al empresario de medios Franco Bindi, el otro se\u00f1alado por la filtraci\u00f3n.<\/p>\n<p>Ante este \u201ccarnaval\u201d de informaci\u00f3n que no para de develar la trama de los audios y lo que es un secreto a gritos en la Rosada: La que maneja los hilos del poder es Karina; mientras el presidente ni siquiera tiene la capacidad ni el musculo pol\u00edtico como para salir a parar este desmadre.<\/p>\n<p>El problema es que no se trata de una opereta sino todo lo contrario, ya que uno de ellos es el que filtr\u00f3 semejante estafa al pueblo, que se crey\u00f3 el verso de casta y la de los pol\u00edticos chorros que ellos no eran. Al final tendr\u00e1n que admitir que el que les perfor\u00f3 el piso del barco los hundi\u00f3 fue: \u201cUno de los nuestros\u201d.<\/p>\n","protected":false},"excerpt":{"rendered":"<p>Sin dudas el hecho que marc\u00f3 la agenda pol\u00edtica en el a\u00f1o y atraves\u00f3 al gobierno nacional es la aparici\u00f3n de los audios de Diego Spagnuolo, el ex titular de Andis, a quien echaron tras el esc\u00e1ndalo. La publicaci\u00f3n de los mencionados audios de quien fuera unas semanas antes, \u00edntimo amigo de Javier Milei, detonaron [&hellip;]<\/p>\n","protected":false},"author":2,"featured_media":9829,"comment_status":"open","ping_status":"closed","sticky":false,"template":"","format":"standard","meta":{"footnotes":""},"categories":[3],"tags":[872],"class_list":["post-9828","post","type-post","status-publish","format-standard","has-post-thumbnail","hentry","category-editorial","tag-victor-sacca"],"_links":{"self":[{"href":"https:\/\/muycritico.com.ar\/web\/index.php?rest_route=\/wp\/v2\/posts\/9828","targetHints":{"allow":["GET"]}}],"collection":[{"href":"https:\/\/muycritico.com.ar\/web\/index.php?rest_route=\/wp\/v2\/posts"}],"about":[{"href":"https:\/\/muycritico.com.ar\/web\/index.php?rest_route=\/wp\/v2\/types\/post"}],"author":[{"embeddable":true,"href":"https:\/\/muycritico.com.ar\/web\/index.php?rest_route=\/wp\/v2\/users\/2"}],"replies":[{"embeddable":true,"href":"https:\/\/muycritico.com.ar\/web\/index.php?rest_route=%2Fwp%2Fv2%2Fcomments&post=9828"}],"version-history":[{"count":4,"href":"https:\/\/muycritico.com.ar\/web\/index.php?rest_route=\/wp\/v2\/posts\/9828\/revisions"}],"predecessor-version":[{"id":9841,"href":"https:\/\/muycritico.com.ar\/web\/index.php?rest_route=\/wp\/v2\/posts\/9828\/revisions\/9841"}],"wp:featuredmedia":[{"embeddable":true,"href":"https:\/\/muycritico.com.ar\/web\/index.php?rest_route=\/wp\/v2\/media\/9829"}],"wp:attachment":[{"href":"https:\/\/muycritico.com.ar\/web\/index.php?rest_route=%2Fwp%2Fv2%2Fmedia&parent=9828"}],"wp:term":[{"taxonomy":"category","embeddable":true,"href":"https:\/\/muycritico.com.ar\/web\/index.php?rest_route=%2Fwp%2Fv2%2Fcategories&post=9828"},{"taxonomy":"post_tag","embeddable":true,"href":"https:\/\/muycritico.com.ar\/web\/index.php?rest_route=%2Fwp%2Fv2%2Ftags&post=9828"}],"curies":[{"name":"wp","href":"https:\/\/api.w.org\/{rel}","templated":true}]}}