{"id":9814,"date":"2025-09-12T22:40:49","date_gmt":"2025-09-13T01:40:49","guid":{"rendered":"https:\/\/muycritico.com.ar\/web\/?p=9814"},"modified":"2026-01-18T19:12:48","modified_gmt":"2026-01-18T22:12:48","slug":"brutal-agresion-de-vendedores-y-carreros-a-inspectoras-municipales","status":"publish","type":"post","link":"https:\/\/muycritico.com.ar\/web\/?p=9814","title":{"rendered":"BRUTAL AGRESI\u00d3N DE VENDEDORES Y CARREROS A INSPECTORAS MUNICIPALES"},"content":{"rendered":"<p><strong>Dos hechos violentos se registraron este viernes durante operativos de despeje por el Milagro. Trabajadoras municipales y polic\u00edas fueron atacados a golpes y palazos. Se radic\u00f3 una denuncia policial.<\/strong><\/p>\n<p><!--more--><\/p>\n<p>La previa del Milagro se ti\u00f1\u00f3 de violencia en la tarde de este viernes con dos hechos graves que involucran a vendedores ambulantes y carreros. Trabajadores, inspectoras municipales y polic\u00edas fueron agredidos brutalmente y sufrieron heridas tras un operativo en pleno Centro.<\/p>\n<p><img loading=\"lazy\" decoding=\"async\" class=\"aligncenter size-full wp-image-9816\" src=\"https:\/\/muycritico.com.ar\/web\/wp-content\/uploads\/2025\/09\/AGRECION.jpg\" alt=\"\" width=\"1280\" height=\"960\" srcset=\"https:\/\/muycritico.com.ar\/web\/wp-content\/uploads\/2025\/09\/AGRECION.jpg 1280w, https:\/\/muycritico.com.ar\/web\/wp-content\/uploads\/2025\/09\/AGRECION-768x576.jpg 768w\" sizes=\"auto, (max-width: 1280px) 100vw, 1280px\" \/><\/p>\n<p>El primer hecho tuvo lugar en Alvarado y C\u00f3rdoba cerca de las 16:00 hs. All\u00ed se realizaba un despeje preventivo por parte de inspectores de Espacios P\u00fablicos. Una vendedora ambulante agredi\u00f3 por la espalda a una inspectora de la Municipalidad. Dos de sus compa\u00f1eros intentaron interceder, al igual que tres policias, pero fueron agredidos con palos y sufrieron heridas.<\/p>\n<p><img loading=\"lazy\" decoding=\"async\" class=\"aligncenter size-full wp-image-9817\" src=\"https:\/\/muycritico.com.ar\/web\/wp-content\/uploads\/2025\/09\/AGRECION4.jpg\" alt=\"\" width=\"1280\" height=\"960\" srcset=\"https:\/\/muycritico.com.ar\/web\/wp-content\/uploads\/2025\/09\/AGRECION4.jpg 1280w, https:\/\/muycritico.com.ar\/web\/wp-content\/uploads\/2025\/09\/AGRECION4-768x576.jpg 768w\" sizes=\"auto, (max-width: 1280px) 100vw, 1280px\" \/><\/p>\n<p>El segundo hecho se desat\u00f3 en Espa\u00f1a y 20 de febrero, tambi\u00e9n durante un operativo de despeje. All\u00ed, uno de los familiares de la vendedora que hab\u00eda protagonizado la agresi\u00f3n anterior golpe\u00f3 y amenaz\u00f3 a otras tres inspectoras municipales. En ese momento se sumaron dos carreros a la golpiza.<\/p>\n<p>C\u00f3mo producto del hecho, los inspectores debieron ser asistidos en un centro de salud y se radic\u00f3 la denuncia correspondiente.<\/p>\n<p><img loading=\"lazy\" decoding=\"async\" class=\"aligncenter size-full wp-image-9818\" src=\"https:\/\/muycritico.com.ar\/web\/wp-content\/uploads\/2025\/09\/AGRECION2.jpg\" alt=\"\" width=\"960\" height=\"1280\" srcset=\"https:\/\/muycritico.com.ar\/web\/wp-content\/uploads\/2025\/09\/AGRECION2.jpg 960w, https:\/\/muycritico.com.ar\/web\/wp-content\/uploads\/2025\/09\/AGRECION2-768x1024.jpg 768w\" sizes=\"auto, (max-width: 960px) 100vw, 960px\" \/><\/p>\n","protected":false},"excerpt":{"rendered":"<p>Dos hechos violentos se registraron este viernes durante operativos de despeje por el Milagro. Trabajadoras municipales y polic\u00edas fueron atacados a golpes y palazos. Se radic\u00f3 una denuncia policial.<\/p>\n","protected":false},"author":2,"featured_media":9815,"comment_status":"open","ping_status":"closed","sticky":false,"template":"","format":"standard","meta":{"footnotes":""},"categories":[6],"tags":[872],"class_list":["post-9814","post","type-post","status-publish","format-standard","has-post-thumbnail","hentry","category-notas","tag-victor-sacca"],"_links":{"self":[{"href":"https:\/\/muycritico.com.ar\/web\/index.php?rest_route=\/wp\/v2\/posts\/9814","targetHints":{"allow":["GET"]}}],"collection":[{"href":"https:\/\/muycritico.com.ar\/web\/index.php?rest_route=\/wp\/v2\/posts"}],"about":[{"href":"https:\/\/muycritico.com.ar\/web\/index.php?rest_route=\/wp\/v2\/types\/post"}],"author":[{"embeddable":true,"href":"https:\/\/muycritico.com.ar\/web\/index.php?rest_route=\/wp\/v2\/users\/2"}],"replies":[{"embeddable":true,"href":"https:\/\/muycritico.com.ar\/web\/index.php?rest_route=%2Fwp%2Fv2%2Fcomments&post=9814"}],"version-history":[{"count":1,"href":"https:\/\/muycritico.com.ar\/web\/index.php?rest_route=\/wp\/v2\/posts\/9814\/revisions"}],"predecessor-version":[{"id":9819,"href":"https:\/\/muycritico.com.ar\/web\/index.php?rest_route=\/wp\/v2\/posts\/9814\/revisions\/9819"}],"wp:featuredmedia":[{"embeddable":true,"href":"https:\/\/muycritico.com.ar\/web\/index.php?rest_route=\/wp\/v2\/media\/9815"}],"wp:attachment":[{"href":"https:\/\/muycritico.com.ar\/web\/index.php?rest_route=%2Fwp%2Fv2%2Fmedia&parent=9814"}],"wp:term":[{"taxonomy":"category","embeddable":true,"href":"https:\/\/muycritico.com.ar\/web\/index.php?rest_route=%2Fwp%2Fv2%2Fcategories&post=9814"},{"taxonomy":"post_tag","embeddable":true,"href":"https:\/\/muycritico.com.ar\/web\/index.php?rest_route=%2Fwp%2Fv2%2Ftags&post=9814"}],"curies":[{"name":"wp","href":"https:\/\/api.w.org\/{rel}","templated":true}]}}