{"id":9809,"date":"2025-09-12T22:17:55","date_gmt":"2025-09-13T01:17:55","guid":{"rendered":"https:\/\/muycritico.com.ar\/web\/?p=9809"},"modified":"2026-01-18T19:12:48","modified_gmt":"2026-01-18T22:12:48","slug":"renunciaron-los-abogados-de-spagnuolo","status":"publish","type":"post","link":"https:\/\/muycritico.com.ar\/web\/?p=9809","title":{"rendered":"RENUNCIARON LOS ABOGADOS DE SPAGNUOLO"},"content":{"rendered":"<p><strong>En su escrito de dimisi\u00f3n alegaron \u201cmotivos personales\u201d; mientras tanto, la Justicia hizo nuevos operativos en busca de pruebas en la casa del exfuncionario.<\/strong><\/p>\n<p><!--more--><\/p>\n<p>Los abogados del extitular de la Agencia Nacional de Discapacidad (Andis) Diego Spagnuolo renunciaron hoy a seguir defendi\u00e9ndolo en el caso que investiga presuntas coimas en ese organismo. Alegaron \u201cmotivos personales\u201d, pero este movimiento despierta suspicacias porque Spagnuolo hizo saber que no descartaba ofrecerse como imputado colaborador en esta causa.<\/p>\n<p>Seg\u00fan publica LA NACION, otro procedimiento se despleg\u00f3 m\u00e1s al sur, por la zona de Berazategui, en el barrio donde vive Daniel Garbellini, el otro funcionario que fue desplazado de su cargo cuando estall\u00f3 el caso, con la circulaci\u00f3n de los audios en los que Spagnuolo hablar\u00eda de c\u00f3mo advirti\u00f3 dentro del Gobierno de la existencia de sobornos.<\/p>\n<p>Ambos operativos tienen como foco poder reconstruir quienes fueron las personas que los visitaron en el \u00faltimo tiempo, indicaron fuentes al tanto de los procedimientos.<\/p>\n<p>Adem\u00e1s, un tercer operativo se realiz\u00f3 en un banco, donde la Polic\u00eda encontr\u00f3 80 mil d\u00f3lares en efectivo y 2 mil euros en una de las cajas de seguridad de Spagnuolo, dijeron fuentes del caso.<\/p>\n<p>Los abogados que renunciaron a la defensa de Spagnuolo son Ignacio Rada Schultze y Juan Araoz Lamadrid. Lo hicieron con la presentaci\u00f3n de un escrito, a las 17:35, mientras se librara el operativo en el domicilio de su defendido.<\/p>\n<p>\u201cPor medio del presente manifestamos que por motivos personales renunciamos al cargo de abogados defensores del Sr. Diego Orlando Spagnuolo que nos fuera oportunamente conferido\u201d, dice el documento.<\/p>\n<p>La elecci\u00f3n de Araoz Lamadrid como abogado no pas\u00f3 desapercibida. El letrado trabaja como defensor de uno de los empresarios que declar\u00f3 como arrepentido en la causa de los Cuadernos de las Coimas. De hecho, por la ma\u00f1ana, Lamadrid particip\u00f3 en una audiencia clave de la causa.<\/p>\n<p>Spagnuolo todav\u00eda no ha designado nuevos abogados.<\/p>\n<p>La Fundaci\u00f3n Poder Ciudadano, que fue aceptada como querellante en el expediente la semana pasada, cuenta con un centro de asesor\u00eda legal y podr\u00eda ofrecerle asistencia t\u00e9cnica al exfuncionario.<\/p>\n<p>La nueva tanda de medidas, ordenada por el fiscal que lleva la investigaci\u00f3n, Franco Picardi, llega tras la declaraci\u00f3n como testigo de Fernando Cerimedo, el consultor en marketing pol\u00edtico y due\u00f1o de la Derecha Diario.<\/p>\n<p>Cerimedo, que trabaj\u00f3 como consultor externo durante la campa\u00f1a de Javier Milei y era cercano a Spagnuolo, confirm\u00f3 en su declaraci\u00f3n el contenido de los audios en los que una voz adjudicada al exfuncionario describe un presunto esquema de corrupci\u00f3n en la agencia de Discapacidad e involucra a Karina Milei y Eduardo \u201cLule\u201d Menem.<\/p>\n<p>Seg\u00fan indicaron fuentes de los tribunales, Cerimedo sostuvo que Spagnuolo -con quien, seg\u00fan dice, lleg\u00f3 a tener una relaci\u00f3n estrecha- le fue contando, desde mayo de 2024, lo mismo que se le escucha decir supuestamente a \u00e9l en los audios que hicieron explotar el caso. \u201cConfirm\u00f3 los audios\u201d, relataron fuentes de los tribunales.<\/p>\n<p>Los audios de las presuntas coimas, de origen desconocido y revelados por el streaming Carnaval, no son considerados por el fiscal Picardi como un elemento de prueba, pero s\u00ed como un indicio a partir del cual poder construir el caso.<\/p>\n<p>Por eso, la declaraci\u00f3n de Cerimedo abre una v\u00eda alternativa para poder confirmar lo que se dice en los audios, cuya validez jur\u00eddica ya fue cuestionada en el expediente por la defensa de la familia Kovalivker, due\u00f1a de la droguer\u00eda Suizo Argentina, la empresa implicada en la maniobra de acuerdo a las grabaciones.<\/p>\n<p>La declaraci\u00f3n de Cerimedo se dio luego de que este dijera en una entrevista con Radio con Vos que Spagnuolo \u201cle fue contando en cuotas\u201d todo lo que suced\u00eda dentro de la Agencia, en alusi\u00f3n a presuntos pagos indebidos. Tras ello, fue llamado a declarar por el fiscal Picardi.<\/p>\n","protected":false},"excerpt":{"rendered":"<p>En su escrito de dimisi\u00f3n alegaron \u201cmotivos personales\u201d; mientras tanto, la Justicia hizo nuevos operativos en busca de pruebas en la casa del exfuncionario.<\/p>\n","protected":false},"author":2,"featured_media":9810,"comment_status":"open","ping_status":"closed","sticky":false,"template":"","format":"standard","meta":{"footnotes":""},"categories":[6],"tags":[872],"class_list":["post-9809","post","type-post","status-publish","format-standard","has-post-thumbnail","hentry","category-notas","tag-victor-sacca"],"_links":{"self":[{"href":"https:\/\/muycritico.com.ar\/web\/index.php?rest_route=\/wp\/v2\/posts\/9809","targetHints":{"allow":["GET"]}}],"collection":[{"href":"https:\/\/muycritico.com.ar\/web\/index.php?rest_route=\/wp\/v2\/posts"}],"about":[{"href":"https:\/\/muycritico.com.ar\/web\/index.php?rest_route=\/wp\/v2\/types\/post"}],"author":[{"embeddable":true,"href":"https:\/\/muycritico.com.ar\/web\/index.php?rest_route=\/wp\/v2\/users\/2"}],"replies":[{"embeddable":true,"href":"https:\/\/muycritico.com.ar\/web\/index.php?rest_route=%2Fwp%2Fv2%2Fcomments&post=9809"}],"version-history":[{"count":4,"href":"https:\/\/muycritico.com.ar\/web\/index.php?rest_route=\/wp\/v2\/posts\/9809\/revisions"}],"predecessor-version":[{"id":9820,"href":"https:\/\/muycritico.com.ar\/web\/index.php?rest_route=\/wp\/v2\/posts\/9809\/revisions\/9820"}],"wp:featuredmedia":[{"embeddable":true,"href":"https:\/\/muycritico.com.ar\/web\/index.php?rest_route=\/wp\/v2\/media\/9810"}],"wp:attachment":[{"href":"https:\/\/muycritico.com.ar\/web\/index.php?rest_route=%2Fwp%2Fv2%2Fmedia&parent=9809"}],"wp:term":[{"taxonomy":"category","embeddable":true,"href":"https:\/\/muycritico.com.ar\/web\/index.php?rest_route=%2Fwp%2Fv2%2Fcategories&post=9809"},{"taxonomy":"post_tag","embeddable":true,"href":"https:\/\/muycritico.com.ar\/web\/index.php?rest_route=%2Fwp%2Fv2%2Ftags&post=9809"}],"curies":[{"name":"wp","href":"https:\/\/api.w.org\/{rel}","templated":true}]}}