{"id":9806,"date":"2025-09-12T22:05:29","date_gmt":"2025-09-13T01:05:29","guid":{"rendered":"https:\/\/muycritico.com.ar\/web\/?p=9806"},"modified":"2026-01-18T19:12:48","modified_gmt":"2026-01-18T22:12:48","slug":"acompanamiento-policial-a-los-miles-de-peregrinos-que-se-desplazan-a-la-catedral","status":"publish","type":"post","link":"https:\/\/muycritico.com.ar\/web\/?p=9806","title":{"rendered":"ACOMPA\u00d1AMIENTO POLICIAL A LOS MILES DE PEREGRINOS QUE SE DESPLAZAN A LA CATEDRAL"},"content":{"rendered":"<p><strong>Se encuentran en camino m\u00e1s de 80 peregrinaciones provenientes de diferentes localidades, provincias y de Per\u00fa. Reciben asistencia de distintas \u00e1reas del Ministerio de Seguridad y Justicia durante el recorrido. Trabajan distintas unidades de la Polic\u00eda de Salta y de la Subsecretar\u00eda de Defensa Civil.<\/strong><\/p>\n<p><!--more--><\/p>\n<p>El Ministerio de Seguridad y Justicia, por medio de la Polic\u00eda de Salta y la Subsecretar\u00eda de Defensa Civil, realiza una amplia cobertura de seguridad en las distintas jurisdicciones de la provincia en el marco del Operativo de Seguridad Milagro 2025.<\/p>\n<p>Diferentes \u00e1reas de la Polic\u00eda de Salta trabajan en el acompa\u00f1amiento y asistencia a las m\u00e1s de 80 peregrinaciones provenientes de distintas localidades, provincias\u00a0 y de Per\u00fa que se desplazan a pie, en bicicleta y a caballo hacia la Catedral Bas\u00edlica. Hasta el domingo por la noche se prev\u00e9 la llegada de 200 peregrinaciones y alrededor de 100 mil personas.<\/p>\n<p>El seguimiento de los grupos de miles de fieles se realiza desde el Centro de Monitoreo del Peregrino en Jefatura Policial. Cuenta con el patrullaje virtual de m\u00e1s de 170 c\u00e1maras de seguridad de la provincia en trayectos de los recorridos en las distintas jurisdicciones y la geolocalizaci\u00f3n en tiempo real mediante un aplicativo m\u00f3vil.<\/p>\n<p>En tanto, la Subsecretar\u00eda de Defensa Civil trabaj\u00f3 en la log\u00edstica de los nodos de asistencia en El Maray en Chicoana, Puente Morales sobre la ruta nacional 68 en Cafayate, Santa Rosa de Tastil en Campo Quijano, en el dique La Ci\u00e9naga en El Carmen, Jujuy. En tanto hoy se instalar\u00e1 el \u00faltimo nodo en Cobos.<\/p>\n<p>Cabe destacar durante la Novena y el Triduo del Milagro se reforz\u00f3 la presencia policial en la parte externa de la Catedral Bas\u00edlica, en el micro y macrocentro, corredores comerciales, bancarios, hoteleros, con personal policial de \u00e1reas preventivas, investigativas\u00a0 a fin de prevenir la comisi\u00f3n de delitos o contravenciones.<\/p>\n","protected":false},"excerpt":{"rendered":"<p>Se encuentran en camino m\u00e1s de 80 peregrinaciones provenientes de diferentes localidades, provincias y de Per\u00fa. Reciben asistencia de distintas \u00e1reas del Ministerio de Seguridad y Justicia durante el recorrido. Trabajan distintas unidades de la Polic\u00eda de Salta y de la Subsecretar\u00eda de Defensa Civil.<\/p>\n","protected":false},"author":2,"featured_media":9807,"comment_status":"open","ping_status":"closed","sticky":false,"template":"","format":"standard","meta":{"footnotes":""},"categories":[6],"tags":[872],"class_list":["post-9806","post","type-post","status-publish","format-standard","has-post-thumbnail","hentry","category-notas","tag-victor-sacca"],"_links":{"self":[{"href":"https:\/\/muycritico.com.ar\/web\/index.php?rest_route=\/wp\/v2\/posts\/9806","targetHints":{"allow":["GET"]}}],"collection":[{"href":"https:\/\/muycritico.com.ar\/web\/index.php?rest_route=\/wp\/v2\/posts"}],"about":[{"href":"https:\/\/muycritico.com.ar\/web\/index.php?rest_route=\/wp\/v2\/types\/post"}],"author":[{"embeddable":true,"href":"https:\/\/muycritico.com.ar\/web\/index.php?rest_route=\/wp\/v2\/users\/2"}],"replies":[{"embeddable":true,"href":"https:\/\/muycritico.com.ar\/web\/index.php?rest_route=%2Fwp%2Fv2%2Fcomments&post=9806"}],"version-history":[{"count":1,"href":"https:\/\/muycritico.com.ar\/web\/index.php?rest_route=\/wp\/v2\/posts\/9806\/revisions"}],"predecessor-version":[{"id":9808,"href":"https:\/\/muycritico.com.ar\/web\/index.php?rest_route=\/wp\/v2\/posts\/9806\/revisions\/9808"}],"wp:featuredmedia":[{"embeddable":true,"href":"https:\/\/muycritico.com.ar\/web\/index.php?rest_route=\/wp\/v2\/media\/9807"}],"wp:attachment":[{"href":"https:\/\/muycritico.com.ar\/web\/index.php?rest_route=%2Fwp%2Fv2%2Fmedia&parent=9806"}],"wp:term":[{"taxonomy":"category","embeddable":true,"href":"https:\/\/muycritico.com.ar\/web\/index.php?rest_route=%2Fwp%2Fv2%2Fcategories&post=9806"},{"taxonomy":"post_tag","embeddable":true,"href":"https:\/\/muycritico.com.ar\/web\/index.php?rest_route=%2Fwp%2Fv2%2Ftags&post=9806"}],"curies":[{"name":"wp","href":"https:\/\/api.w.org\/{rel}","templated":true}]}}