{"id":9792,"date":"2025-09-12T19:04:27","date_gmt":"2025-09-12T22:04:27","guid":{"rendered":"https:\/\/muycritico.com.ar\/web\/?p=9792"},"modified":"2026-01-18T15:32:31","modified_gmt":"2026-01-18T18:32:31","slug":"para-el-fin-de-semana-hoy-y-manana-se-realiza-la-feria-artesanal-del-paseo-de-los-poetas","status":"publish","type":"post","link":"https:\/\/muycritico.com.ar\/web\/?p=9792","title":{"rendered":"PARA EL FIN DE SEMANA: HOY Y MA\u00d1ANA SE REALIZA LA FERIA ARTESANAL DEL PASEO DE LOS POETAS"},"content":{"rendered":"<p><strong>La misma funciona todos los s\u00e1bados del a\u00f1o y viernes feriados de 9.30 a 21. M\u00e1s de 40 artesanos ofrecer\u00e1n productos elaborados a mano. Se espera una gran concurrencia de salte\u00f1os y turistas.<\/strong><\/p>\n<p><!--more--><\/p>\n<p>La Municipalidad de Salta ofrece todos los fines de semana diferentes atractivos para que los ciudadanos puedan disfrutar de sus d\u00edas de ocio. En esta oportunidad, invita a visitar la feria artesanal en el Paseo de los Poetas.<\/p>\n<p>La misma se llevar\u00e1 a cabo hoy viernes y ma\u00f1ana (como todos los s\u00e1bados del a\u00f1o) de 9.30 a 21.<\/p>\n<p>M\u00e1s de 40 artesanos ofrecer\u00e1n productos elaborados a mano. Se espera una gran convocatoria de salte\u00f1os y visitantes. Se expondr\u00e1n artesan\u00edas en madera, todo tipo de tejidos como: a crochet, dos agujas y en telar, resina, decoraci\u00f3n textil, macram\u00e9, decoraci\u00f3n con diferentes t\u00e9cnicas en madera y vidrio como el puntillismo y decoupage.<\/p>\n<p>Tambi\u00e9n habr\u00e1 un puesto exclusivo de mates y bombillas artesanales, bijouterie y gastronom\u00eda regional con distintas opciones para disfrutar y, para el p\u00fablico m\u00e1s joven y moderno, puestos dedicados a la sublimaci\u00f3n y realizaci\u00f3n de stickers con los dise\u00f1os m\u00e1s originales para regalar y regalarse.<\/p>\n<p>Desde la organizaci\u00f3n, destacan que son unas de las pocas ferias en la que se les brinda lugar a cualquier artesano que quiera vender los productos que elabora.<\/p>\n<p><img loading=\"lazy\" decoding=\"async\" class=\"aligncenter size-full wp-image-9794\" src=\"https:\/\/muycritico.com.ar\/web\/wp-content\/uploads\/2025\/09\/POETAS.jpg\" alt=\"\" width=\"718\" height=\"530\" \/><\/p>\n","protected":false},"excerpt":{"rendered":"<p>La misma funciona todos los s\u00e1bados del a\u00f1o y viernes feriados de 9.30 a 21. M\u00e1s de 40 artesanos ofrecer\u00e1n productos elaborados a mano. Se espera una gran concurrencia de salte\u00f1os y turistas.<\/p>\n","protected":false},"author":2,"featured_media":9793,"comment_status":"open","ping_status":"closed","sticky":false,"template":"","format":"standard","meta":{"footnotes":""},"categories":[8],"tags":[872],"class_list":["post-9792","post","type-post","status-publish","format-standard","has-post-thumbnail","hentry","category-cultura","tag-victor-sacca"],"_links":{"self":[{"href":"https:\/\/muycritico.com.ar\/web\/index.php?rest_route=\/wp\/v2\/posts\/9792","targetHints":{"allow":["GET"]}}],"collection":[{"href":"https:\/\/muycritico.com.ar\/web\/index.php?rest_route=\/wp\/v2\/posts"}],"about":[{"href":"https:\/\/muycritico.com.ar\/web\/index.php?rest_route=\/wp\/v2\/types\/post"}],"author":[{"embeddable":true,"href":"https:\/\/muycritico.com.ar\/web\/index.php?rest_route=\/wp\/v2\/users\/2"}],"replies":[{"embeddable":true,"href":"https:\/\/muycritico.com.ar\/web\/index.php?rest_route=%2Fwp%2Fv2%2Fcomments&post=9792"}],"version-history":[{"count":1,"href":"https:\/\/muycritico.com.ar\/web\/index.php?rest_route=\/wp\/v2\/posts\/9792\/revisions"}],"predecessor-version":[{"id":9795,"href":"https:\/\/muycritico.com.ar\/web\/index.php?rest_route=\/wp\/v2\/posts\/9792\/revisions\/9795"}],"wp:featuredmedia":[{"embeddable":true,"href":"https:\/\/muycritico.com.ar\/web\/index.php?rest_route=\/wp\/v2\/media\/9793"}],"wp:attachment":[{"href":"https:\/\/muycritico.com.ar\/web\/index.php?rest_route=%2Fwp%2Fv2%2Fmedia&parent=9792"}],"wp:term":[{"taxonomy":"category","embeddable":true,"href":"https:\/\/muycritico.com.ar\/web\/index.php?rest_route=%2Fwp%2Fv2%2Fcategories&post=9792"},{"taxonomy":"post_tag","embeddable":true,"href":"https:\/\/muycritico.com.ar\/web\/index.php?rest_route=%2Fwp%2Fv2%2Ftags&post=9792"}],"curies":[{"name":"wp","href":"https:\/\/api.w.org\/{rel}","templated":true}]}}