{"id":9778,"date":"2025-09-12T10:10:01","date_gmt":"2025-09-12T13:10:01","guid":{"rendered":"https:\/\/muycritico.com.ar\/web\/?p=9778"},"modified":"2026-01-18T19:12:49","modified_gmt":"2026-01-18T22:12:49","slug":"con-diferentes-atractivos-funciona-a-pleno-la-feria-del-milagro-en-el-parque-san-martin","status":"publish","type":"post","link":"https:\/\/muycritico.com.ar\/web\/?p=9778","title":{"rendered":"CON DIFERENTES ATRACTIVOS FUNCIONA A PLENO LA FERIA DEL MILAGRO EN EL PARQUE SAN MART\u00cdN"},"content":{"rendered":"<p><strong>Los salte\u00f1os, turistas y peregrinos podr\u00e1n disfrutar y recorrerla hasta el 15 de septiembre, todos los d\u00edas de 10 a 22 hs. Hay puestos gastron\u00f3micos, juegos, shows, venta de ropa, masas regionales y mucho m\u00e1s.<\/strong><\/p>\n<p><!--more--><\/p>\n<p>La tradicional Feria del Milagro se encuentra funcionando a pleno, desde ayer, en el parque San Mart\u00edn, donde salte\u00f1os, turistas y peregrinos pueden encontrarse con diferentes atractivos que ofrece la Municipalidad.<\/p>\n<p>La feria funcionar\u00e1 hasta el 15 de septiembre, todos los d\u00edas de 10 a 22 hs. Se espera una gran concurrencia de personas, las cuales podr\u00e1n pasear por el lugar y visitar los m\u00e1s de 650 puestos.<\/p>\n<p>Las 7 plazas del parque se encuentran repletas de emprendedores, en donde, los visitantes, encontrar\u00e1: artesan\u00edas en cuero, madera, plater\u00eda, juguetes, ropa, calzados, masas regionales, pasteler\u00eda, accesorios, marroquiner\u00eda, bijouterie, lencer\u00eda, accesorios para mascotas, productos de librer\u00eda y m\u00e1s.<\/p>\n<p>\u00abEstamos trabajando fuertemente para que la feria, al igual que el a\u00f1o pasado, sea un \u00e9xito. Los emprendedores est\u00e1n felices porque tienen la oportunidad de ofrecer sus productos a un gran n\u00famero de gente. Vamos a estar atentos a todos los detalles para solucionar cualquier eventualidad que se presente\u00bb, dijo Esteban Carral, secretario de Espacios P\u00fablicos y Protecci\u00f3n Ciudadana.<\/p>\n<p>Adem\u00e1s, estar\u00e1n disponibles diferentes servicios municipales (en la plaza E) como el M\u00f3vil de Licencia, que atender\u00e1 el s\u00e1bado, domingo y lunes de 12 a 22 hs. Mientras que el M\u00f3vil Odontol\u00f3gico prestar\u00e1 servicios hasta el domingo 14 de 8 a 13. Tambi\u00e9n habr\u00e1 enfermeros y pod\u00f3logos para atender a quienes lo necesiten, los d\u00edas: 12, 13 y 14 de 17 a 21 horas.<\/p>\n<p>Tambi\u00e9n, una plaza la G de calle San Mart\u00edn entre Lavalle y Santa Fe y Urquiza, donde est\u00e1 el enrejado del parque, es exclusiva para la gastronom\u00eda. All\u00ed se ubican 100 puestos de gran diversidad: platos t\u00edpicos, comida r\u00e1pida y \u00e1rabe, habr\u00e1 shows, pantallas, y un patio gastron\u00f3mico.<\/p>\n<p>Por otra parte, en la plaza D, que queda entre Santa Fe, Mendoza y San Juan, es para los ni\u00f1os, quienes tienen juegos para pasar el d\u00eda y disfrutar de una linda jornada.<\/p>\n<p><iframe loading=\"lazy\" title=\"Con diferentes atractivos funciona a pleno la Feria del Milagro en el parque San Mart\u00edn\" width=\"696\" height=\"392\" src=\"https:\/\/www.youtube.com\/embed\/Q9_IoQ0L6Oo?feature=oembed\" frameborder=\"0\" allow=\"accelerometer; autoplay; clipboard-write; encrypted-media; gyroscope; picture-in-picture; web-share\" referrerpolicy=\"strict-origin-when-cross-origin\" allowfullscreen><\/iframe><\/p>\n<p><strong>La feria, adem\u00e1s contar\u00e1 todos los d\u00edas con:<\/strong><\/p>\n<p>+ Pantallas gigantes que transmitir\u00e1n en vivo, la llegada de peregrinos, procesi\u00f3n y renovaci\u00f3n del Pacto de Fidelidad<\/p>\n<p>+ Espacios institucionales donde se habr\u00e1 servicios municipales como el M\u00f3vil de licencias de conducir, M\u00f3vil Odontol\u00f3gico, tambi\u00e9n habr\u00e1 atenci\u00f3n oftalmol\u00f3gica y servicios del \u00e1rea de bienestar animal<\/p>\n<p>+ Cobertura de salud mediante la presencia de Cruz Roja coordinada por Samec, enfermeros en las plazas<\/p>\n<p>+ Patrullajes y asistencia permanente de Protecci\u00f3n Ciudadana<\/p>\n<p>+ Refuerzo de luminarias, bajadas de electricidad supervisadas<\/p>\n<p>+ Refuerzo de presencia policial, ba\u00f1os qu\u00edmicos, refuerzo de limpieza<\/p>\n<p>+ Presencia permanente de inspectores municipales<\/p>\n<p>Se trata de la feria m\u00e1s grande de la provincia, por lo cual las reglas de funcionamiento son estrictas con el fin de cuidar el emblem\u00e1tico parque San Mart\u00edn y propiciar un espacio seguro, ordenado y equilibrado.<\/p>\n<p>Desde la Municipalidad remarcaron que el espacio quedar\u00e1 limpio y despejado el 15 al finalizar la celebraci\u00f3n religiosa.<\/p>\n","protected":false},"excerpt":{"rendered":"<p>Los salte\u00f1os, turistas y peregrinos podr\u00e1n disfrutar y recorrerla hasta el 15 de septiembre, todos los d\u00edas de 10 a 22 hs. Hay puestos gastron\u00f3micos, juegos, shows, venta de ropa, masas regionales y mucho m\u00e1s.<\/p>\n","protected":false},"author":2,"featured_media":9779,"comment_status":"open","ping_status":"closed","sticky":false,"template":"","format":"standard","meta":{"footnotes":""},"categories":[6],"tags":[872],"class_list":["post-9778","post","type-post","status-publish","format-standard","has-post-thumbnail","hentry","category-notas","tag-victor-sacca"],"_links":{"self":[{"href":"https:\/\/muycritico.com.ar\/web\/index.php?rest_route=\/wp\/v2\/posts\/9778","targetHints":{"allow":["GET"]}}],"collection":[{"href":"https:\/\/muycritico.com.ar\/web\/index.php?rest_route=\/wp\/v2\/posts"}],"about":[{"href":"https:\/\/muycritico.com.ar\/web\/index.php?rest_route=\/wp\/v2\/types\/post"}],"author":[{"embeddable":true,"href":"https:\/\/muycritico.com.ar\/web\/index.php?rest_route=\/wp\/v2\/users\/2"}],"replies":[{"embeddable":true,"href":"https:\/\/muycritico.com.ar\/web\/index.php?rest_route=%2Fwp%2Fv2%2Fcomments&post=9778"}],"version-history":[{"count":1,"href":"https:\/\/muycritico.com.ar\/web\/index.php?rest_route=\/wp\/v2\/posts\/9778\/revisions"}],"predecessor-version":[{"id":9780,"href":"https:\/\/muycritico.com.ar\/web\/index.php?rest_route=\/wp\/v2\/posts\/9778\/revisions\/9780"}],"wp:featuredmedia":[{"embeddable":true,"href":"https:\/\/muycritico.com.ar\/web\/index.php?rest_route=\/wp\/v2\/media\/9779"}],"wp:attachment":[{"href":"https:\/\/muycritico.com.ar\/web\/index.php?rest_route=%2Fwp%2Fv2%2Fmedia&parent=9778"}],"wp:term":[{"taxonomy":"category","embeddable":true,"href":"https:\/\/muycritico.com.ar\/web\/index.php?rest_route=%2Fwp%2Fv2%2Fcategories&post=9778"},{"taxonomy":"post_tag","embeddable":true,"href":"https:\/\/muycritico.com.ar\/web\/index.php?rest_route=%2Fwp%2Fv2%2Ftags&post=9778"}],"curies":[{"name":"wp","href":"https:\/\/api.w.org\/{rel}","templated":true}]}}