{"id":9773,"date":"2025-09-12T09:56:52","date_gmt":"2025-09-12T12:56:52","guid":{"rendered":"https:\/\/muycritico.com.ar\/web\/?p=9773"},"modified":"2026-01-18T19:12:49","modified_gmt":"2026-01-18T22:12:49","slug":"sarmiento-vive-en-cada-maestro-homenaje-en-el-galpon","status":"publish","type":"post","link":"https:\/\/muycritico.com.ar\/web\/?p=9773","title":{"rendered":"SARMIENTO VIVE EN CADA MAESTRO: HOMENAJE EN EL GALP\u00d3N"},"content":{"rendered":"<p><strong>Frente al Busto de Sarmiento en la plaza central, la comunidad de El Galp\u00f3n se reuni\u00f3 para rendir homenaje a Domingo Faustino Sarmiento en el 137\u00b0 aniversario de su fallecimiento, recordando a quien luch\u00f3 por una Patria grande \u201ccon la espada, con la pluma y con la palabra\u201d.<\/strong><\/p>\n<p><!--more--><\/p>\n<p>El intendente Federico Sacca, quien estuvo acompa\u00f1ado por su esposa Cecilia Jurado, destac\u00f3 la importancia de la educaci\u00f3n p\u00fablica para el desarrollo de nuestra comunidad y resalt\u00f3 la labor incansable de los docentes, que cada d\u00eda siembran conocimiento y valores en nuestras escuelas. \u201cHoy recordamos a Sarmiento y reconocemos a quienes contin\u00faan su legado: nuestros maestros, que forman ciudadanos con compromiso y coraz\u00f3n\u201d, expres\u00f3.<\/p>\n<p><img loading=\"lazy\" decoding=\"async\" class=\"aligncenter size-full wp-image-9775\" src=\"https:\/\/muycritico.com.ar\/web\/wp-content\/uploads\/2025\/09\/federico-sacca-bandera3.jpg\" alt=\"\" width=\"1280\" height=\"718\" srcset=\"https:\/\/muycritico.com.ar\/web\/wp-content\/uploads\/2025\/09\/federico-sacca-bandera3.jpg 1280w, https:\/\/muycritico.com.ar\/web\/wp-content\/uploads\/2025\/09\/federico-sacca-bandera3-768x431.jpg 768w\" sizes=\"auto, (max-width: 1280px) 100vw, 1280px\" \/><\/p>\n<p>El acto cont\u00f3 con la participaci\u00f3n del Padre Ariel Fessia, la directora del N\u00facleo Educativo N\u00b07020, Prof. Viviana Valdez; Deolinda Cruz, secretaria de Relaciones Institucionales; el concejal Sebasti\u00e1n Caillou;\u00a0 Fortines Gauchos; y dem\u00e1s instituciones organizadoras, junto a docentes y p\u00fablico en general.<\/p>\n<p>Como dec\u00eda Sarmiento, &#8220;la educaci\u00f3n es la base de la Rep\u00fablica&#8221;. Hoy m\u00e1s que nunca, celebramos a nuestras maestras y maestros que, frente a tantos desaf\u00edos, siguen formando ciudadanos con compromiso y coraz\u00f3n.<\/p>\n<p><img loading=\"lazy\" decoding=\"async\" class=\"aligncenter size-full wp-image-9776\" src=\"https:\/\/muycritico.com.ar\/web\/wp-content\/uploads\/2025\/09\/federico-sacca-bandera4.jpg\" alt=\"\" width=\"1280\" height=\"717\" srcset=\"https:\/\/muycritico.com.ar\/web\/wp-content\/uploads\/2025\/09\/federico-sacca-bandera4.jpg 1280w, https:\/\/muycritico.com.ar\/web\/wp-content\/uploads\/2025\/09\/federico-sacca-bandera4-768x430.jpg 768w\" sizes=\"auto, (max-width: 1280px) 100vw, 1280px\" \/><\/p>\n","protected":false},"excerpt":{"rendered":"<p>Frente al Busto de Sarmiento en la plaza central, la comunidad de El Galp\u00f3n se reuni\u00f3 para rendir homenaje a Domingo Faustino Sarmiento en el 137\u00b0 aniversario de su fallecimiento, recordando a quien luch\u00f3 por una Patria grande \u201ccon la espada, con la pluma y con la palabra\u201d.<\/p>\n","protected":false},"author":2,"featured_media":9774,"comment_status":"open","ping_status":"closed","sticky":false,"template":"","format":"standard","meta":{"footnotes":""},"categories":[6],"tags":[872],"class_list":["post-9773","post","type-post","status-publish","format-standard","has-post-thumbnail","hentry","category-notas","tag-victor-sacca"],"_links":{"self":[{"href":"https:\/\/muycritico.com.ar\/web\/index.php?rest_route=\/wp\/v2\/posts\/9773","targetHints":{"allow":["GET"]}}],"collection":[{"href":"https:\/\/muycritico.com.ar\/web\/index.php?rest_route=\/wp\/v2\/posts"}],"about":[{"href":"https:\/\/muycritico.com.ar\/web\/index.php?rest_route=\/wp\/v2\/types\/post"}],"author":[{"embeddable":true,"href":"https:\/\/muycritico.com.ar\/web\/index.php?rest_route=\/wp\/v2\/users\/2"}],"replies":[{"embeddable":true,"href":"https:\/\/muycritico.com.ar\/web\/index.php?rest_route=%2Fwp%2Fv2%2Fcomments&post=9773"}],"version-history":[{"count":1,"href":"https:\/\/muycritico.com.ar\/web\/index.php?rest_route=\/wp\/v2\/posts\/9773\/revisions"}],"predecessor-version":[{"id":9777,"href":"https:\/\/muycritico.com.ar\/web\/index.php?rest_route=\/wp\/v2\/posts\/9773\/revisions\/9777"}],"wp:featuredmedia":[{"embeddable":true,"href":"https:\/\/muycritico.com.ar\/web\/index.php?rest_route=\/wp\/v2\/media\/9774"}],"wp:attachment":[{"href":"https:\/\/muycritico.com.ar\/web\/index.php?rest_route=%2Fwp%2Fv2%2Fmedia&parent=9773"}],"wp:term":[{"taxonomy":"category","embeddable":true,"href":"https:\/\/muycritico.com.ar\/web\/index.php?rest_route=%2Fwp%2Fv2%2Fcategories&post=9773"},{"taxonomy":"post_tag","embeddable":true,"href":"https:\/\/muycritico.com.ar\/web\/index.php?rest_route=%2Fwp%2Fv2%2Ftags&post=9773"}],"curies":[{"name":"wp","href":"https:\/\/api.w.org\/{rel}","templated":true}]}}