{"id":9769,"date":"2025-09-12T09:45:23","date_gmt":"2025-09-12T12:45:23","guid":{"rendered":"https:\/\/muycritico.com.ar\/web\/?p=9769"},"modified":"2026-01-18T15:36:08","modified_gmt":"2026-01-18T18:36:08","slug":"urtubey-estrada-cristina-peronismo-modelo-k-kicillof","status":"publish","type":"post","link":"https:\/\/muycritico.com.ar\/web\/?p=9769","title":{"rendered":"URTUBEY + ESTRADA + CRISTINA = PERONISMO MODELO K (DE KICILLOF)"},"content":{"rendered":"<p><strong>El ex Gobernador de Salta visit\u00f3 a la ex presidenta en el departamento de San Jos\u00e9 1111, donde cumple prisi\u00f3n domiciliaria. Estuvo junto a Emiliano Estrada, candidato a diputado nacional por Fuerza Patria. A Urtubey se le sac\u00f3 en cara los 10 a\u00f1os de distanciamiento y las peleas con Cristina, \u00a0pero el objetivo es frenar a los libertarios en Salta, cueste lo que cueste.<\/strong><\/p>\n<p><!--more--><\/p>\n<p>La din\u00e1mica pol\u00edtica en la Argentina parece ser m\u00e1s ca\u00f3tica que el universo mismo. La foto hubiera sido una atopia hace un a\u00f1o atr\u00e1s, <strong>Juan Manuel Urtubey<\/strong> con <strong>Cristina <\/strong>en su prisi\u00f3n domiciliaria. Esa \u00faltima oraci\u00f3n tiene tantas capas argumentales que habr\u00eda que analizar una por una, pero no hay tiempo ni siquiera para detenerse a pensar que incluso <strong>Emiliano Estrada<\/strong> tuvo su cap\u00edtulo judicial por \u201cespionaje\u201d seg\u00fan la fiscal <strong>Sof\u00eda Cornejo<\/strong>; y que Urtubey habl\u00f3 pestes de Cristina, pero podr\u00eda decirse que \u201clos uni\u00f3 el espanto\u201d. El espanto en el sentido lato de la palabra.<\/p>\n<p>Ese \u201clato sensu\u201d abarca a los libertarios montados en el poder desde el Grand Bourg (en un futuro dist\u00f3pico) y desmadrando todo a su paso, a furia pura. Como la de <strong>Rodrigo Quintero<\/strong> protagonizando una violenta escena en radio <strong>Infinito <\/strong>contra el periodista<strong> Murillo<\/strong>; como <strong>Emilia Orozco<\/strong> destratando al movilero de canal 10; como <strong>Pablo L\u00f3pez<\/strong> pidiendo que su ex novia le chupe el pito por 10 mil mangos; como <strong>Julio Moreno<\/strong> pidiendo que los hijos paguen la medicaci\u00f3n de sus padres.<\/p>\n<p>Sin mencionar el audio por los diezmos liberatrios, denuncia que el anodino fiscal <strong>Ramos Ossorio<\/strong> mir\u00f3 para otro lado y desestim\u00f3 la denuncia de <strong>Cristian Achaval<\/strong>, responsable de la UDAI Met\u00e1n de ANSES.<\/p>\n<p>Todo este dec\u00e1logo de desafortunados acontecimientos con los que LLA (versi\u00f3n Salta) viene erosionando su imagen hace algo m\u00e1s de un a\u00f1o, sin mencionar a Orozco frente al Burj Khalifa de gira con los fondos del Estado.\u00a0Ese Estado que su jefe quiere aniquilar, mientras ella vota por desfinanciar la universidad que le dio el t\u00edtulo de licenciada en comunicaciones sociales o ir contra el sistema de salud y los m\u00e9dicos que salvan miles de vidas en el pa\u00eds.<\/p>\n<p><strong>Un golpe de suerte y el peronismo con K de Kicillof<\/strong><\/p>\n<p>El dirigente salte\u00f1o visit\u00f3 a Cristina Kirchner en el departamento ubicado en San Jos\u00e9 1111, donde la ex presidenta cumple la prisi\u00f3n domiciliaria por su condena en la causa Vialidad. Condena que adem\u00e1s la inhabilit\u00f3 de por vida a ocupar cargos p\u00fablicos. Urtubey fue uno de los dirigentes distanciados del n\u00facleo K que cuestion\u00f3 el fallo de la justicia federal en la causa.<\/p>\n<p>\u201cEl aleteo de una mariposa en Jap\u00f3n podr\u00eda causar un tsunami en las costas de Vancouver\u201d afirma metaf\u00f3ricamente la novela de <strong>Ruth Ozeki<\/strong>. Su narrativa es de rabiosa actualidad de un modo tal que podr\u00eda aplicarse a la pol\u00edtica en la Argentina.<\/p>\n<p>\u00bfQui\u00e9n se hubiera imaginado que el gobierno de Milei tras bajar la inflaci\u00f3n mensual de 30 puntos a menos 2, se encontrar\u00eda atravesando un tsunami llamado Spagnuollo? \u00bfY que Urtubey recargara su campa\u00f1a con una foto que vale muchos votos? los votos K, parad\u00f3jicamente con K de Kicillof, el \u201cFrankenstein\u201d que dej\u00f3 Cristina y que result\u00f3 m\u00e1s h\u00e1bil de lo que parec\u00eda cuando le dio mal el vuelto al Club de Paris o empioj\u00f3 la repatriaci\u00f3n de YPF. Su peronismo bonaerense le gan\u00f3 a los libertarios por 14 puntos haciendo saltar las alarmas por los aires y cambiando todo el mapa geopol\u00edtico con vistas a las pr\u00f3ximas elecciones.<\/p>\n<p>Ante este escenario Urtubey fue al departamento de Monserrat junto a Emiliano Estrada, el primer candidato a diputado nacional de la lista peronista. Ambos afrontar\u00e1n una elecci\u00f3n muy compleja donde, seg\u00fan marcan la mayor\u00eda de las encuestas, la expresi\u00f3n libertaria tiene grandes chances de quedarse con los dos senadores de la mayor\u00eda, mientras que el peronismo compite por el segundo lugar con la expresi\u00f3n del oficialismo local, del gobernador Gustavo S\u00e1enz, que lleva como candidata a Flavia Roy\u00f3n.<\/p>\n<p>Esa tendencia parece querer ceder ante los audios de Spagnuollo, porque le han perforado el piso del barco a Milei de tal forma que parece quebrar todo a su paso, incluso las chances de los libertarios de las provincias del interior, quienes antes del esc\u00e1ndalo de las coimas en Andis, parec\u00edan seguros de un triunfo f\u00e1cil producto del sello libertario, algo as\u00ed como darles un auto ganador a cualquier asno y que gane campeonatos sin el menor esfuerzo, como pasa en la F1.<\/p>\n<p>Pero todo cambi\u00f3 tras el esc\u00e1ndalo de Andis. Fue como un term\u00f3metro que revent\u00f3 de tanta presi\u00f3n, aunque resist\u00eda insultos e improperios, pero fue demasiado el hecho de quedar expuestos como coimeros, como corruptos, como desalmados que le roban a los discapacitados.<\/p>\n<p>Resulta incre\u00edble que con un peronismo partido al medio e intervenido, las chances de ganarle a Orozco est\u00e9n a la vuelta de la esquina. En ese contexto CFK baj\u00f3 su pedido de que sea Urtubey el candidato a senador, lo que gener\u00f3 que Sergio \u201cOso\u201d Leavy, cercano al kirchnerismo, se enojara por perder ese lugar en la contienda de candidaturas, pegara el portazo y presentara una lista propia.<\/p>\n<p>Siempre en contacto con el l\u00edder del Frente Renovador y con Eduardo \u201cWado\u201d de Pedro, uno de los nexos concretos con la ex presidenta y el n\u00facleo K, el salte\u00f1o inici\u00f3 el regreso al lugar donde estuvo una d\u00e9cada atr\u00e1s, convencido de que hay que construir un gran frente anti Milei y que ese espacio debe contener al kirchnerismo, pero tambi\u00e9n a las expresiones con perfil m\u00e1s conservador del interior.<\/p>\n<p>Otro personaje que incre\u00edblemente aparece en el horizonte para frenar a los libertarios es <strong>Lilita Carri\u00f3<\/strong>, quien en una entrevista televisiva dijo el d\u00eda despu\u00e9s de las elecciones, sentirse \u201cfeliz\u201d con el resultado y que no tiene ninguna duda de la autenticidad de los audios de Spagnuollo. \u201cEn el 2027 tenemos que ir en un frente en el que est\u00e9n desde Cristina hasta Carri\u00f3\u201d, enfatiz\u00f3 Urtubey en esa sinton\u00eda.<\/p>\n<p>Lilita Carrio y Cristina en la misma l\u00ednea de combate. \u201cLa pol\u00edtica es el arte de los posible\u201d, sin dudas.<\/p>\n","protected":false},"excerpt":{"rendered":"<p>El ex Gobernador de Salta visit\u00f3 a la ex presidenta en el departamento de San Jos\u00e9 1111, donde cumple prisi\u00f3n domiciliaria. Estuvo junto a Emiliano Estrada, candidato a diputado nacional por Fuerza Patria. A Urtubey se le sac\u00f3 en cara los 10 a\u00f1os de distanciamiento y las peleas con Cristina, \u00a0pero el objetivo es frenar [&hellip;]<\/p>\n","protected":false},"author":2,"featured_media":9770,"comment_status":"open","ping_status":"closed","sticky":false,"template":"","format":"standard","meta":{"footnotes":""},"categories":[3],"tags":[53,826,20,604,1101,1241,872],"class_list":["post-9769","post","type-post","status-publish","format-standard","has-post-thumbnail","hentry","category-editorial","tag-cristina-fernandez-de-kirchner","tag-emiliano-estrada","tag-javier-milei","tag-juan-manuel-urtubey","tag-kicillof","tag-rodrigo-quintero","tag-victor-sacca"],"_links":{"self":[{"href":"https:\/\/muycritico.com.ar\/web\/index.php?rest_route=\/wp\/v2\/posts\/9769","targetHints":{"allow":["GET"]}}],"collection":[{"href":"https:\/\/muycritico.com.ar\/web\/index.php?rest_route=\/wp\/v2\/posts"}],"about":[{"href":"https:\/\/muycritico.com.ar\/web\/index.php?rest_route=\/wp\/v2\/types\/post"}],"author":[{"embeddable":true,"href":"https:\/\/muycritico.com.ar\/web\/index.php?rest_route=\/wp\/v2\/users\/2"}],"replies":[{"embeddable":true,"href":"https:\/\/muycritico.com.ar\/web\/index.php?rest_route=%2Fwp%2Fv2%2Fcomments&post=9769"}],"version-history":[{"count":7,"href":"https:\/\/muycritico.com.ar\/web\/index.php?rest_route=\/wp\/v2\/posts\/9769\/revisions"}],"predecessor-version":[{"id":9791,"href":"https:\/\/muycritico.com.ar\/web\/index.php?rest_route=\/wp\/v2\/posts\/9769\/revisions\/9791"}],"wp:featuredmedia":[{"embeddable":true,"href":"https:\/\/muycritico.com.ar\/web\/index.php?rest_route=\/wp\/v2\/media\/9770"}],"wp:attachment":[{"href":"https:\/\/muycritico.com.ar\/web\/index.php?rest_route=%2Fwp%2Fv2%2Fmedia&parent=9769"}],"wp:term":[{"taxonomy":"category","embeddable":true,"href":"https:\/\/muycritico.com.ar\/web\/index.php?rest_route=%2Fwp%2Fv2%2Fcategories&post=9769"},{"taxonomy":"post_tag","embeddable":true,"href":"https:\/\/muycritico.com.ar\/web\/index.php?rest_route=%2Fwp%2Fv2%2Ftags&post=9769"}],"curies":[{"name":"wp","href":"https:\/\/api.w.org\/{rel}","templated":true}]}}