{"id":9760,"date":"2025-09-11T21:11:09","date_gmt":"2025-09-12T00:11:09","guid":{"rendered":"https:\/\/muycritico.com.ar\/web\/?p=9760"},"modified":"2026-01-18T19:12:49","modified_gmt":"2026-01-18T22:12:49","slug":"quien-es-fernando-cerimedo-el-otro-senalado-por-la-filtracion-de-los-audios-de-las-coimas","status":"publish","type":"post","link":"https:\/\/muycritico.com.ar\/web\/?p=9760","title":{"rendered":"QUI\u00c9N ES FERNANDO CERIMEDO, EL OTRO SE\u00d1ALADO POR LA FILTRACI\u00d3N DE LOS AUDIOS DE LAS COIMAS"},"content":{"rendered":"<p><strong>El consultor trabajaba para el Gobierno y se distanci\u00f3. Su esposa renunci\u00f3 a Discapacidad antes del esc\u00e1ndalo. Por qu\u00e9 Spagnuolo en privado dice que \u00e9l lo grab\u00f3. \u201cAlguien lo ten\u00eda grabado (a Spagnuolo) y se sab\u00eda\u201d, declar\u00f3 ante la justicia. Foto: Cedoc<\/strong><\/p>\n<p><!--more--><\/p>\n<p>Fernando Cerimedo es uno de los personajes del momento en el esc\u00e1ndalo de las coimas. Diego Spagnuolo, el echado titular de la Agencia Nacional de Discapacidad (Andis), en privado lo se\u00f1ala por haberlo grabado sin su consentimiento. La hip\u00f3tesis se completa con el rol del empresario de medios Franco Bindi, a quien Cerimedo le habr\u00eda hecho llegar los audios para que los difundiera. Al final, trascendieron en el canal de streaming de Jorge Rial, Carnaval.<\/p>\n<p>El Gobierno se divide entre dos hip\u00f3tesis. Una es la del d\u00fao Cerimedo-Bindi. La otra, m\u00e1s grave, apunta a que fue el propio Spagnuolo quien se grab\u00f3 a s\u00ed mismo y despu\u00e9s difundi\u00f3 los audios.<\/p>\n<p>Pero, \u00bfqui\u00e9n es Cerimedo y por qu\u00e9 est\u00e1 bajo sospecha? Se trata de un consultor que asesor\u00f3 al Gobierno en el \u00e1rea de Comunicaci\u00f3n Digital y que adem\u00e1s ser\u00eda parte de La Derecha Diario, el &#8220;house organ&#8221; del oficialismo en las redes. Pero no solo eso: la esposa de Cerimedo, Natalia Basil, fue hasta noviembre pasado una de las directoras de Discapacidad, a las \u00f3rdenes de Spagnuolo. El ex titular de Andis incluso la acus\u00f3 en privado de querer &#8220;serrucharle el piso&#8221;. La mujer renunci\u00f3, no se sabe si en disconformidad por las supuestas pr\u00e1cticas corruptas dentro del organismo.<\/p>\n<p>El propio Cermimedo neg\u00f3 que \u00e9l haya grabado a Spagnuolo o filtrado los audios, pero s\u00ed admiti\u00f3 que lo conoc\u00eda y que hablaban de lo que ocurr\u00eda en la Andis. Seg\u00fan su versi\u00f3n, Spagnuolo lo usaba de &#8220;oreja&#8221; para desahogarse. Este relato tampoco deja muy bien parado al Gobierno, con el que Cerimedo est\u00e1 distanciado desde hace tiempo. Los cortocircuitos p\u00fablicos empezaron en febrero, con el Caso Libra. En ese momento, Cerimedo, ya fuera del Gobierno, sali\u00f3 con los tapones de punta en sus redes: \u201cAl que dijo que era una idea copada que vaya buscando rinc\u00f3n del mundo donde esconderse\u201d. En la Casa Rosada se ley\u00f3 como una provocaci\u00f3n.<\/p>\n<p>A esta revista le consta que, ya en los meses anteriores al esc\u00e1ndalo, Cerimedo hablaba en off the record con periodistas sobre lo que ocurr\u00eda en Discapacidad. Fue as\u00ed, seguramente, como lleg\u00f3 al empresario de medios Franco Bindi, el otro se\u00f1alado por la filtraci\u00f3n.<\/p>\n<p>La revista NOTICIAS investig\u00f3 y entrevist\u00f3 a Cerimedo en octubre de 2022, cuando ya pisaba fuerte. En esa nota con Juan Luis Gonz\u00e1lez, el consultor admit\u00eda alegremente que hac\u00eda &#8220;campa\u00f1a negativa&#8221; en contra de los adversarios de sus clientes. Y que usaba trolls para eso. Cualquier semejanza con las pol\u00edticas libertarias no es una coincidencia.<\/p>\n","protected":false},"excerpt":{"rendered":"<p>El consultor trabajaba para el Gobierno y se distanci\u00f3. Su esposa renunci\u00f3 a Discapacidad antes del esc\u00e1ndalo. Por qu\u00e9 Spagnuolo en privado dice que \u00e9l lo grab\u00f3. \u201cAlguien lo ten\u00eda grabado (a Spagnuolo) y se sab\u00eda\u201d, declar\u00f3 ante la justicia. Foto: Cedoc<\/p>\n","protected":false},"author":2,"featured_media":9761,"comment_status":"open","ping_status":"closed","sticky":false,"template":"","format":"standard","meta":{"footnotes":""},"categories":[6],"tags":[1212,1240,872],"class_list":["post-9760","post","type-post","status-publish","format-standard","has-post-thumbnail","hentry","category-notas","tag-diego-spagnuolo","tag-fernando-cerimedo","tag-victor-sacca"],"_links":{"self":[{"href":"https:\/\/muycritico.com.ar\/web\/index.php?rest_route=\/wp\/v2\/posts\/9760","targetHints":{"allow":["GET"]}}],"collection":[{"href":"https:\/\/muycritico.com.ar\/web\/index.php?rest_route=\/wp\/v2\/posts"}],"about":[{"href":"https:\/\/muycritico.com.ar\/web\/index.php?rest_route=\/wp\/v2\/types\/post"}],"author":[{"embeddable":true,"href":"https:\/\/muycritico.com.ar\/web\/index.php?rest_route=\/wp\/v2\/users\/2"}],"replies":[{"embeddable":true,"href":"https:\/\/muycritico.com.ar\/web\/index.php?rest_route=%2Fwp%2Fv2%2Fcomments&post=9760"}],"version-history":[{"count":1,"href":"https:\/\/muycritico.com.ar\/web\/index.php?rest_route=\/wp\/v2\/posts\/9760\/revisions"}],"predecessor-version":[{"id":9762,"href":"https:\/\/muycritico.com.ar\/web\/index.php?rest_route=\/wp\/v2\/posts\/9760\/revisions\/9762"}],"wp:featuredmedia":[{"embeddable":true,"href":"https:\/\/muycritico.com.ar\/web\/index.php?rest_route=\/wp\/v2\/media\/9761"}],"wp:attachment":[{"href":"https:\/\/muycritico.com.ar\/web\/index.php?rest_route=%2Fwp%2Fv2%2Fmedia&parent=9760"}],"wp:term":[{"taxonomy":"category","embeddable":true,"href":"https:\/\/muycritico.com.ar\/web\/index.php?rest_route=%2Fwp%2Fv2%2Fcategories&post=9760"},{"taxonomy":"post_tag","embeddable":true,"href":"https:\/\/muycritico.com.ar\/web\/index.php?rest_route=%2Fwp%2Fv2%2Ftags&post=9760"}],"curies":[{"name":"wp","href":"https:\/\/api.w.org\/{rel}","templated":true}]}}