{"id":9757,"date":"2025-09-11T19:54:30","date_gmt":"2025-09-11T22:54:30","guid":{"rendered":"https:\/\/muycritico.com.ar\/web\/?p=9757"},"modified":"2026-01-18T19:12:49","modified_gmt":"2026-01-18T22:12:49","slug":"los-gremios-universitarios-anunciaron-paro-nacional-para-el-12-de-septiembre-y-la-tercera-marcha-federal","status":"publish","type":"post","link":"https:\/\/muycritico.com.ar\/web\/?p=9757","title":{"rendered":"LOS GREMIOS UNIVERSITARIOS ANUNCIARON PARO NACIONAL PARA EL 12 DE SEPTIEMBRE Y LA TERCERA MARCHA FEDERAL"},"content":{"rendered":"<p><strong>A horas de que venza el plazo legal, el gobierno public\u00f3 en el Bolet\u00edn Oficial el veto a la ley que actualiza los presupuestos de las universidades. Se viene una medida de fuerza de todos los sectores. Foto: Edgardo G\u00f3mez<\/strong><\/p>\n<p><!--more--><\/p>\n<p>El gobierno public\u00f3 el veto a la ley de financiamiento universitario que hab\u00eda sido sancionada por el Congreso a fines de agosto. Seg\u00fan se establece en el decreto 647\/2025, publicado en el Bolet\u00edn Oficial, el proyecto \u201cdevu\u00e9lvase al Congreso de la Naci\u00f3n el proyecto de ley\u201d, que hab\u00eda sido impulsado por bloques de la oposici\u00f3n.<\/p>\n<p>Seg\u00fan TIEMPO ARGENTINO el Poder Ejecutivo dispuso que \u201cdel an\u00e1lisis del proyecto sancionado por el Poder Legislativo se observa que no cumple con los recaudos legales antes mencionados\u201d, adem\u00e1s de que \u201cla fuente de financiamiento prevista a trav\u00e9s del art\u00edculo 9\u00b0 del Proyecto de Ley registrado bajo el N\u00b0 27.795 es manifiestamente insuficiente y, adem\u00e1s, no configura una fuente real de financiamiento\u201d.<\/p>\n<p>Tambi\u00e9n se\u00f1al\u00f3 que \u201clo establecido en dicho art\u00edculo evidencia un claro desconocimiento por parte Congreso de la normativa que regula el presupuesto nacional, ya que el art\u00edculo 27, inciso 2.c) de la Ley N\u00b0 24.156 se refiere \u00fanicamente a los criterios que el Poder Ejecutivo Nacional debe considerar al elaborar un presupuesto de pr\u00f3rroga y no a lo previsto en el art\u00edculo 38 de la misma ley, que regula los incrementos de gastos dispuestos por ley durante la ejecuci\u00f3n presupuestaria\u201d.<\/p>\n<p>\u201cQue el proyecto de ley, al abordar los recursos destinados a financiar el incremento presupuestario propuesto, lo hace de manera gen\u00e9rica, sin precisar las sumas de cr\u00e9dito necesarias, limit\u00e1ndose a disponer una readecuaci\u00f3n de partidas presupuestarias para actualizar, al 1\u00b0 de enero de 2025, el presupuesto de las universidades p\u00fablicas\u201d.<\/p>\n<p>Y que adem\u00e1s \u201cestablece que dicho financiamiento podr\u00e1 provenir del aumento de ingresos corrientes recaudados por encima de lo presupuestado o prorrogado, pero no indica qu\u00e9 partidas deber\u00e1n dejar de financiarse ni c\u00f3mo se afrontar\u00e1 el gasto en caso de que tales recursos resulten insuficientes\u201d, se\u00f1al\u00f3 el Poder Ejecutivo.<\/p>\n<p><strong>Respuesta gremial<\/strong><\/p>\n<p>Como ya hab\u00edan anunciado en caso de que Javier Milei vete la ley de financiamiento, los gremios universitarios respondieron a la decisi\u00f3n gubernamental con la confirmaci\u00f3n de un paro de 24 horas en todo el pa\u00eds para el pr\u00f3ximo 12 de octubre.<\/p>\n<p>Adem\u00e1s, se decidi\u00f3 que el d\u00eda que el Congreso de la Naci\u00f3n trate el rechazo al veto de Milei, todo el frente sindical universitario, estudiantes y la comunidad acad\u00e9mica en su totalidad realizar\u00e1n una tercera Marcha Federal Universitaria para defender la ley.<\/p>\n","protected":false},"excerpt":{"rendered":"<p>A horas de que venza el plazo legal, el gobierno public\u00f3 en el Bolet\u00edn Oficial el veto a la ley que actualiza los presupuestos de las universidades. Se viene una medida de fuerza de todos los sectores. Foto: Edgardo G\u00f3mez<\/p>\n","protected":false},"author":2,"featured_media":9758,"comment_status":"open","ping_status":"closed","sticky":false,"template":"","format":"standard","meta":{"footnotes":""},"categories":[6],"tags":[872],"class_list":["post-9757","post","type-post","status-publish","format-standard","has-post-thumbnail","hentry","category-notas","tag-victor-sacca"],"_links":{"self":[{"href":"https:\/\/muycritico.com.ar\/web\/index.php?rest_route=\/wp\/v2\/posts\/9757","targetHints":{"allow":["GET"]}}],"collection":[{"href":"https:\/\/muycritico.com.ar\/web\/index.php?rest_route=\/wp\/v2\/posts"}],"about":[{"href":"https:\/\/muycritico.com.ar\/web\/index.php?rest_route=\/wp\/v2\/types\/post"}],"author":[{"embeddable":true,"href":"https:\/\/muycritico.com.ar\/web\/index.php?rest_route=\/wp\/v2\/users\/2"}],"replies":[{"embeddable":true,"href":"https:\/\/muycritico.com.ar\/web\/index.php?rest_route=%2Fwp%2Fv2%2Fcomments&post=9757"}],"version-history":[{"count":1,"href":"https:\/\/muycritico.com.ar\/web\/index.php?rest_route=\/wp\/v2\/posts\/9757\/revisions"}],"predecessor-version":[{"id":9759,"href":"https:\/\/muycritico.com.ar\/web\/index.php?rest_route=\/wp\/v2\/posts\/9757\/revisions\/9759"}],"wp:featuredmedia":[{"embeddable":true,"href":"https:\/\/muycritico.com.ar\/web\/index.php?rest_route=\/wp\/v2\/media\/9758"}],"wp:attachment":[{"href":"https:\/\/muycritico.com.ar\/web\/index.php?rest_route=%2Fwp%2Fv2%2Fmedia&parent=9757"}],"wp:term":[{"taxonomy":"category","embeddable":true,"href":"https:\/\/muycritico.com.ar\/web\/index.php?rest_route=%2Fwp%2Fv2%2Fcategories&post=9757"},{"taxonomy":"post_tag","embeddable":true,"href":"https:\/\/muycritico.com.ar\/web\/index.php?rest_route=%2Fwp%2Fv2%2Ftags&post=9757"}],"curies":[{"name":"wp","href":"https:\/\/api.w.org\/{rel}","templated":true}]}}