{"id":9754,"date":"2025-09-11T17:41:23","date_gmt":"2025-09-11T20:41:23","guid":{"rendered":"https:\/\/muycritico.com.ar\/web\/?p=9754"},"modified":"2026-01-18T19:12:49","modified_gmt":"2026-01-18T22:12:49","slug":"el-triunfo-de-la-libertad-avanza-en-salta-esta-en-duda","status":"publish","type":"post","link":"https:\/\/muycritico.com.ar\/web\/?p=9754","title":{"rendered":"\u201cEL TRIUNFO DE LA LIBERTAD AVANZA EN SALTA EST\u00c1 EN DUDA\u201d"},"content":{"rendered":"<p><strong>Lo dijo Gustavo Farquharson en dialogo con Cuarto Oscuro, de FM La Plaza. El concejal se\u00f1al\u00f3 que la gente empieza a ver de otra manera al gobierno de Javier Milei y a sus referentes locales, como Alfredo Olmedo y Emilia Orozco, quienes \u201cpatean la pelota afuera y no dan soluciones\u201d.<\/strong><\/p>\n<p><!--more--><\/p>\n<p>Farquharson analiz\u00f3 la actualidad pol\u00edtica luego de la fuerte derrota de La Libertad Avanza en la provincia de Buenos Aires. Asegur\u00f3 que el resultado no es aislado sino una fuerte se\u00f1al del debilitamiento de las ideas y figuras libertarias en todo el pa\u00eds. Incluso en Salta.<\/p>\n<p>\u201cEstamos viendo de manera muy descarnada el modelo pol\u00edtico y econ\u00f3mico de Milei y la gente se cans\u00f3\u201d, dijo Farquharson en Cuarto Oscuro, de FM La Plaza. \u201cSe cans\u00f3 de que le peguen a los jubilados, que le roben la plata a las personas con discapacidad, que desfinancien \u00e1reas vitales para el desarrollo de la sociedad\u201d, sigui\u00f3.<\/p>\n<p>\u201cCreo que hay una gran decepci\u00f3n sobre Milei\u201d, agreg\u00f3 el edil, que tild\u00f3 a la actitud libertaria como \u201csoberbia\u201d, y a la gesti\u00f3n presidencial con una clara \u201cincompetencia para gestionar el Estado\u201d.<\/p>\n<p>\u201cLo de Buenos Aires es una buena muestra de la situaci\u00f3n pol\u00edtica en la que estamos. Es una buena oportunidad para seguir marcando l\u00edmites a este gobierno. Hace tres meses te dec\u00eda que no, pero hoy empieza a verse un cambio incluso en Salta\u201d, agreg\u00f3 Farquharson.<\/p>\n<p>\u201cLa gente se empieza a hinchar ante una situaci\u00f3n de crisis que viene aguantando y ve casos de corrupci\u00f3n donde se llevan la plata. Los referentes en Salta, Olmedo y Orozco, no dan respuestas, patean la pelota afuera y no dan soluciones\u201d, asegur\u00f3.<\/p>\n<p>Para el concejal, \u201cempieza a haber una cr\u00edtica que antes no se ve\u00eda\u00bb, por lo que anticipa que \u00abva a haber cambios\u201d en la provincia. \u201cNo s\u00e9 si llegamos al batacazo de Buenos Aires, pero hoy el triunfo de La Libertad Avanza en Salta est\u00e1 en duda\u201d, explic\u00f3.<\/p>\n<p>Farquharson dijo que la actual situaci\u00f3n de inestabilidad libertaria \u201ces una oportunidad para marcar el rol del Estado, lo que implica administrar derechos, c\u00f3mo se puede hacer pol\u00edtica gobernando\u201d. \u201cEs una buena oportunidad para acelerar y demostrarlo\u201d, afirm\u00f3.<\/p>\n","protected":false},"excerpt":{"rendered":"<p>Lo dijo Gustavo Farquharson en dialogo con Cuarto Oscuro, de FM La Plaza. El concejal se\u00f1al\u00f3 que la gente empieza a ver de otra manera al gobierno de Javier Milei y a sus referentes locales, como Alfredo Olmedo y Emilia Orozco, quienes \u201cpatean la pelota afuera y no dan soluciones\u201d.<\/p>\n","protected":false},"author":2,"featured_media":9755,"comment_status":"open","ping_status":"closed","sticky":false,"template":"","format":"standard","meta":{"footnotes":""},"categories":[6],"tags":[872],"class_list":["post-9754","post","type-post","status-publish","format-standard","has-post-thumbnail","hentry","category-notas","tag-victor-sacca"],"_links":{"self":[{"href":"https:\/\/muycritico.com.ar\/web\/index.php?rest_route=\/wp\/v2\/posts\/9754","targetHints":{"allow":["GET"]}}],"collection":[{"href":"https:\/\/muycritico.com.ar\/web\/index.php?rest_route=\/wp\/v2\/posts"}],"about":[{"href":"https:\/\/muycritico.com.ar\/web\/index.php?rest_route=\/wp\/v2\/types\/post"}],"author":[{"embeddable":true,"href":"https:\/\/muycritico.com.ar\/web\/index.php?rest_route=\/wp\/v2\/users\/2"}],"replies":[{"embeddable":true,"href":"https:\/\/muycritico.com.ar\/web\/index.php?rest_route=%2Fwp%2Fv2%2Fcomments&post=9754"}],"version-history":[{"count":1,"href":"https:\/\/muycritico.com.ar\/web\/index.php?rest_route=\/wp\/v2\/posts\/9754\/revisions"}],"predecessor-version":[{"id":9756,"href":"https:\/\/muycritico.com.ar\/web\/index.php?rest_route=\/wp\/v2\/posts\/9754\/revisions\/9756"}],"wp:featuredmedia":[{"embeddable":true,"href":"https:\/\/muycritico.com.ar\/web\/index.php?rest_route=\/wp\/v2\/media\/9755"}],"wp:attachment":[{"href":"https:\/\/muycritico.com.ar\/web\/index.php?rest_route=%2Fwp%2Fv2%2Fmedia&parent=9754"}],"wp:term":[{"taxonomy":"category","embeddable":true,"href":"https:\/\/muycritico.com.ar\/web\/index.php?rest_route=%2Fwp%2Fv2%2Fcategories&post=9754"},{"taxonomy":"post_tag","embeddable":true,"href":"https:\/\/muycritico.com.ar\/web\/index.php?rest_route=%2Fwp%2Fv2%2Ftags&post=9754"}],"curies":[{"name":"wp","href":"https:\/\/api.w.org\/{rel}","templated":true}]}}