{"id":9747,"date":"2025-09-11T17:07:20","date_gmt":"2025-09-11T20:07:20","guid":{"rendered":"https:\/\/muycritico.com.ar\/web\/?p=9747"},"modified":"2026-01-18T19:12:49","modified_gmt":"2026-01-18T22:12:49","slug":"inician-la-reconstruccion-de-la-calzada-en-catamarca-y-alvarado","status":"publish","type":"post","link":"https:\/\/muycritico.com.ar\/web\/?p=9747","title":{"rendered":"INICIAN LA RECONSTRUCCI\u00d3N DE LA CALZADA EN CATAMARCA Y ALVARADO"},"content":{"rendered":"<p><strong>La Municipalidad trabaja en la remoci\u00f3n de las placas da\u00f1adas y sueltas que generaban riesgos para los veh\u00edculos que circulan por el lugar. Se solicita respetar las indicaciones del personal de tr\u00e1nsito.<\/strong><\/p>\n<p><!--more--><\/p>\n<p>En el marco del plan de recuperaci\u00f3n de calles, la Municipalidad inici\u00f3 las tareas de reconstrucci\u00f3n de la calzada en uno de los corredores m\u00e1s utilizados por los conductores.<\/p>\n<p>Los trabajos se est\u00e1n desarrollando en la intersecci\u00f3n de las calles Catamarca y Alvarado.<\/p>\n<p>En el lugar, las placas de hormig\u00f3n se encontraban da\u00f1adas y sueltas lo que dificultaba la normal circulaci\u00f3n vehicular y generaba un riesgo tanto para los conductores como para los peatones.<\/p>\n<p>Ante esta situaci\u00f3n, se procedi\u00f3 a demarcar la calzada da\u00f1ada para la posterior remoci\u00f3n de las placas y reconstrucci\u00f3n de las mismas mediante tareas de hormigonado.<\/p>\n<p>Se solicita a la comunidad en general respetar las indicaciones del personal de tr\u00e1nsito.<\/p>\n<p><img loading=\"lazy\" decoding=\"async\" class=\"aligncenter size-full wp-image-9749\" src=\"https:\/\/muycritico.com.ar\/web\/wp-content\/uploads\/2025\/09\/2.jpg\" alt=\"\" width=\"702\" height=\"393\" \/><\/p>\n","protected":false},"excerpt":{"rendered":"<p>La Municipalidad trabaja en la remoci\u00f3n de las placas da\u00f1adas y sueltas que generaban riesgos para los veh\u00edculos que circulan por el lugar. Se solicita respetar las indicaciones del personal de tr\u00e1nsito.<\/p>\n","protected":false},"author":2,"featured_media":9748,"comment_status":"open","ping_status":"closed","sticky":false,"template":"","format":"standard","meta":{"footnotes":""},"categories":[6],"tags":[872],"class_list":["post-9747","post","type-post","status-publish","format-standard","has-post-thumbnail","hentry","category-notas","tag-victor-sacca"],"_links":{"self":[{"href":"https:\/\/muycritico.com.ar\/web\/index.php?rest_route=\/wp\/v2\/posts\/9747","targetHints":{"allow":["GET"]}}],"collection":[{"href":"https:\/\/muycritico.com.ar\/web\/index.php?rest_route=\/wp\/v2\/posts"}],"about":[{"href":"https:\/\/muycritico.com.ar\/web\/index.php?rest_route=\/wp\/v2\/types\/post"}],"author":[{"embeddable":true,"href":"https:\/\/muycritico.com.ar\/web\/index.php?rest_route=\/wp\/v2\/users\/2"}],"replies":[{"embeddable":true,"href":"https:\/\/muycritico.com.ar\/web\/index.php?rest_route=%2Fwp%2Fv2%2Fcomments&post=9747"}],"version-history":[{"count":1,"href":"https:\/\/muycritico.com.ar\/web\/index.php?rest_route=\/wp\/v2\/posts\/9747\/revisions"}],"predecessor-version":[{"id":9750,"href":"https:\/\/muycritico.com.ar\/web\/index.php?rest_route=\/wp\/v2\/posts\/9747\/revisions\/9750"}],"wp:featuredmedia":[{"embeddable":true,"href":"https:\/\/muycritico.com.ar\/web\/index.php?rest_route=\/wp\/v2\/media\/9748"}],"wp:attachment":[{"href":"https:\/\/muycritico.com.ar\/web\/index.php?rest_route=%2Fwp%2Fv2%2Fmedia&parent=9747"}],"wp:term":[{"taxonomy":"category","embeddable":true,"href":"https:\/\/muycritico.com.ar\/web\/index.php?rest_route=%2Fwp%2Fv2%2Fcategories&post=9747"},{"taxonomy":"post_tag","embeddable":true,"href":"https:\/\/muycritico.com.ar\/web\/index.php?rest_route=%2Fwp%2Fv2%2Ftags&post=9747"}],"curies":[{"name":"wp","href":"https:\/\/api.w.org\/{rel}","templated":true}]}}