{"id":9742,"date":"2025-09-11T16:11:03","date_gmt":"2025-09-11T19:11:03","guid":{"rendered":"https:\/\/muycritico.com.ar\/web\/?p=9742"},"modified":"2026-01-18T19:12:50","modified_gmt":"2026-01-18T22:12:50","slug":"apertura-de-sesiones-de-la-convencion-municipal","status":"publish","type":"post","link":"https:\/\/muycritico.com.ar\/web\/?p=9742","title":{"rendered":"APERTURA DE SESIONES DE LA CONVENCI\u00d3N MUNICIPAL"},"content":{"rendered":"<p><strong>En el recinto de sesiones de la Convenci\u00f3n Municipal de El Galp\u00f3n, y con la presencia de los convencionales, se declar\u00f3 formalmente abierta la sesi\u00f3n constitutiva destinada a la redacci\u00f3n y sanci\u00f3n de la Carta Org\u00e1nica Municipal.<\/strong><\/p>\n<p><!--more--><\/p>\n<p>Este hecho marca un paso hist\u00f3rico para nuestra comunidad, ya que implica la consolidaci\u00f3n de la autonom\u00eda municipal y la organizaci\u00f3n institucional que permitir\u00e1 fijar objetivos, metas y prop\u00f3sitos para el desarrollo de El Galp\u00f3n.<\/p>\n<p><img loading=\"lazy\" decoding=\"async\" class=\"aligncenter size-full wp-image-9744\" src=\"https:\/\/muycritico.com.ar\/web\/wp-content\/uploads\/2025\/09\/federico-sacca-2.jpg\" alt=\"\" width=\"1280\" height=\"960\" srcset=\"https:\/\/muycritico.com.ar\/web\/wp-content\/uploads\/2025\/09\/federico-sacca-2.jpg 1280w, https:\/\/muycritico.com.ar\/web\/wp-content\/uploads\/2025\/09\/federico-sacca-2-768x576.jpg 768w\" sizes=\"auto, (max-width: 1280px) 100vw, 1280px\" \/><\/p>\n<p>La Convenci\u00f3n Municipal est\u00e1 integrada por:<\/p>\n<p>&#8211; Presidente: Prof. Alexis Ram\u00f3n Garc\u00eda<\/p>\n<p>&#8211; Vicepresidente 1\u00b0: Federico Jos\u00e9 Sacca<\/p>\n<p>-Vicepresidente 2\u00b0:Prof. Daniel Alfredo Acosta<\/p>\n<p>&#8211; Secretaria Legislativa: Lic. Cintia Marisol Figueroa<\/p>\n<p>&#8211; Prosecretario: Lic. Julio Ren\u00e9 Padilla<\/p>\n<p>&#8211; Convencionales: Gabriela Miranda, Zulema Arga\u00f1araz, Humberto Gigena, Carolina Garc\u00eda y Ver\u00f3nica Ber\u00f3n.<\/p>\n<p>Con este inicio, El Galp\u00f3n avanza en un proceso hist\u00f3rico que busca garantizar un marco normativo s\u00f3lido, respetando nuestra identidad y promoviendo el bienestar com\u00fan de toda la comunidad.<\/p>\n<p><img loading=\"lazy\" decoding=\"async\" class=\"aligncenter size-full wp-image-9745\" src=\"https:\/\/muycritico.com.ar\/web\/wp-content\/uploads\/2025\/09\/convecionles.jpg\" alt=\"\" width=\"1280\" height=\"960\" srcset=\"https:\/\/muycritico.com.ar\/web\/wp-content\/uploads\/2025\/09\/convecionles.jpg 1280w, https:\/\/muycritico.com.ar\/web\/wp-content\/uploads\/2025\/09\/convecionles-768x576.jpg 768w\" sizes=\"auto, (max-width: 1280px) 100vw, 1280px\" \/><\/p>\n<p><iframe loading=\"lazy\" style=\"border: none; overflow: hidden;\" src=\"https:\/\/www.facebook.com\/plugins\/video.php?height=476&amp;href=https%3A%2F%2Fwww.facebook.com%2Felgalponmunicipio%2Fvideos%2F2812770312226949%2F&amp;show_text=false&amp;width=267&amp;t=0\" width=\"267\" height=\"476\" frameborder=\"0\" scrolling=\"no\" allowfullscreen=\"allowfullscreen\"><\/iframe><\/p>\n","protected":false},"excerpt":{"rendered":"<p>En el recinto de sesiones de la Convenci\u00f3n Municipal de El Galp\u00f3n, y con la presencia de los convencionales, se declar\u00f3 formalmente abierta la sesi\u00f3n constitutiva destinada a la redacci\u00f3n y sanci\u00f3n de la Carta Org\u00e1nica Municipal.<\/p>\n","protected":false},"author":2,"featured_media":9743,"comment_status":"open","ping_status":"closed","sticky":false,"template":"","format":"standard","meta":{"footnotes":""},"categories":[6],"tags":[1239,872],"class_list":["post-9742","post","type-post","status-publish","format-standard","has-post-thumbnail","hentry","category-notas","tag-federico-jose-sacca","tag-victor-sacca"],"_links":{"self":[{"href":"https:\/\/muycritico.com.ar\/web\/index.php?rest_route=\/wp\/v2\/posts\/9742","targetHints":{"allow":["GET"]}}],"collection":[{"href":"https:\/\/muycritico.com.ar\/web\/index.php?rest_route=\/wp\/v2\/posts"}],"about":[{"href":"https:\/\/muycritico.com.ar\/web\/index.php?rest_route=\/wp\/v2\/types\/post"}],"author":[{"embeddable":true,"href":"https:\/\/muycritico.com.ar\/web\/index.php?rest_route=\/wp\/v2\/users\/2"}],"replies":[{"embeddable":true,"href":"https:\/\/muycritico.com.ar\/web\/index.php?rest_route=%2Fwp%2Fv2%2Fcomments&post=9742"}],"version-history":[{"count":2,"href":"https:\/\/muycritico.com.ar\/web\/index.php?rest_route=\/wp\/v2\/posts\/9742\/revisions"}],"predecessor-version":[{"id":9821,"href":"https:\/\/muycritico.com.ar\/web\/index.php?rest_route=\/wp\/v2\/posts\/9742\/revisions\/9821"}],"wp:featuredmedia":[{"embeddable":true,"href":"https:\/\/muycritico.com.ar\/web\/index.php?rest_route=\/wp\/v2\/media\/9743"}],"wp:attachment":[{"href":"https:\/\/muycritico.com.ar\/web\/index.php?rest_route=%2Fwp%2Fv2%2Fmedia&parent=9742"}],"wp:term":[{"taxonomy":"category","embeddable":true,"href":"https:\/\/muycritico.com.ar\/web\/index.php?rest_route=%2Fwp%2Fv2%2Fcategories&post=9742"},{"taxonomy":"post_tag","embeddable":true,"href":"https:\/\/muycritico.com.ar\/web\/index.php?rest_route=%2Fwp%2Fv2%2Ftags&post=9742"}],"curies":[{"name":"wp","href":"https:\/\/api.w.org\/{rel}","templated":true}]}}