{"id":9732,"date":"2025-09-10T16:37:04","date_gmt":"2025-09-10T19:37:04","guid":{"rendered":"https:\/\/muycritico.com.ar\/web\/?p=9732"},"modified":"2026-01-18T19:12:50","modified_gmt":"2026-01-18T22:12:50","slug":"este-jueves-11-se-realiza-el-1er-reciclaton-de-la-ciudad","status":"publish","type":"post","link":"https:\/\/muycritico.com.ar\/web\/?p=9732","title":{"rendered":"ESTE JUEVES 11 SE REALIZA EL 1ER RECICLAT\u00d3N DE LA CIUDAD"},"content":{"rendered":"<p><strong>La actividad ser\u00e1 de 10 a 17 hs en la playa de estacionamiento del Shopping Portal Salta (Easy). Se recibir\u00e1n aparatos electr\u00f3nicos (RAEE), papel, cart\u00f3n, tapitas, botellas, pl\u00e1sticos, latas y aceite vegetal usado (en botellas bien cerradas).<\/strong><\/p>\n<p><!--more--><\/p>\n<p>La Municipalidad recuerda que este jueves se realizar\u00e1 el 1\u00b0 Reciclat\u00f3n de la ciudad con el objetivo potenciar el reciclaje, la reducci\u00f3n y la recuperaci\u00f3n de residuos, adem\u00e1s de colaborar con la econom\u00eda circular de los mismos.<\/p>\n<p>Ramiro Ragno, director general de Educaci\u00f3n Ambiental, remarc\u00f3 que \u201ccon estas actividades queremos generar conciencia ambiental y buenos h\u00e1bitos, adem\u00e1s de prevenir que estos residuos reciclables terminen en el Relleno Sanitario San Javier o en la v\u00eda p\u00fablica\u201d.<\/p>\n<p>\u201cPor ello, invitamos a la comunidad en general a participar de la jornada este jueves 11 de 10 a 17 hs en la playa de estacionamiento del Shopping Portal Salta, Easy\u201d, manifest\u00f3 el funcionario.<\/p>\n<p>Los participantes deber\u00e1n llevar por separado:<\/p>\n<p>Aparatos electr\u00f3nicos (RAEE)<\/p>\n<p>Papel, cart\u00f3n, tapitas, botellas y bidones, pl\u00e1sticos y latas<\/p>\n<p>Aceite vegetal usado de cocina (en botellas bien cerradas)<\/p>\n<p>Y por primera vez el Eco Botellas de Pl\u00e1stico (en su interior se pueden colocar pl\u00e1sticos flexibles o tapitas)<\/p>\n<p>Es importante destacar que, durante la jornada no se recibir\u00e1n pilas, bater\u00edas ni neum\u00e1ticos fuera de uso (NFU).<\/p>\n<p><iframe loading=\"lazy\" title=\"Este jueves 11 se realiza el 1er Reciclat\u00f3n de la ciudad\" width=\"696\" height=\"392\" src=\"https:\/\/www.youtube.com\/embed\/pglRMQCG6Wc?feature=oembed\" frameborder=\"0\" allow=\"accelerometer; autoplay; clipboard-write; encrypted-media; gyroscope; picture-in-picture; web-share\" referrerpolicy=\"strict-origin-when-cross-origin\" allowfullscreen><\/iframe><\/p>\n","protected":false},"excerpt":{"rendered":"<p>La actividad ser\u00e1 de 10 a 17 hs en la playa de estacionamiento del Shopping Portal Salta (Easy). Se recibir\u00e1n aparatos electr\u00f3nicos (RAEE), papel, cart\u00f3n, tapitas, botellas, pl\u00e1sticos, latas y aceite vegetal usado (en botellas bien cerradas).<\/p>\n","protected":false},"author":2,"featured_media":9733,"comment_status":"open","ping_status":"closed","sticky":false,"template":"","format":"standard","meta":{"footnotes":""},"categories":[6],"tags":[872],"class_list":["post-9732","post","type-post","status-publish","format-standard","has-post-thumbnail","hentry","category-notas","tag-victor-sacca"],"_links":{"self":[{"href":"https:\/\/muycritico.com.ar\/web\/index.php?rest_route=\/wp\/v2\/posts\/9732","targetHints":{"allow":["GET"]}}],"collection":[{"href":"https:\/\/muycritico.com.ar\/web\/index.php?rest_route=\/wp\/v2\/posts"}],"about":[{"href":"https:\/\/muycritico.com.ar\/web\/index.php?rest_route=\/wp\/v2\/types\/post"}],"author":[{"embeddable":true,"href":"https:\/\/muycritico.com.ar\/web\/index.php?rest_route=\/wp\/v2\/users\/2"}],"replies":[{"embeddable":true,"href":"https:\/\/muycritico.com.ar\/web\/index.php?rest_route=%2Fwp%2Fv2%2Fcomments&post=9732"}],"version-history":[{"count":1,"href":"https:\/\/muycritico.com.ar\/web\/index.php?rest_route=\/wp\/v2\/posts\/9732\/revisions"}],"predecessor-version":[{"id":9734,"href":"https:\/\/muycritico.com.ar\/web\/index.php?rest_route=\/wp\/v2\/posts\/9732\/revisions\/9734"}],"wp:featuredmedia":[{"embeddable":true,"href":"https:\/\/muycritico.com.ar\/web\/index.php?rest_route=\/wp\/v2\/media\/9733"}],"wp:attachment":[{"href":"https:\/\/muycritico.com.ar\/web\/index.php?rest_route=%2Fwp%2Fv2%2Fmedia&parent=9732"}],"wp:term":[{"taxonomy":"category","embeddable":true,"href":"https:\/\/muycritico.com.ar\/web\/index.php?rest_route=%2Fwp%2Fv2%2Fcategories&post=9732"},{"taxonomy":"post_tag","embeddable":true,"href":"https:\/\/muycritico.com.ar\/web\/index.php?rest_route=%2Fwp%2Fv2%2Ftags&post=9732"}],"curies":[{"name":"wp","href":"https:\/\/api.w.org\/{rel}","templated":true}]}}