{"id":9701,"date":"2025-09-08T17:51:52","date_gmt":"2025-09-08T20:51:52","guid":{"rendered":"https:\/\/muycritico.com.ar\/web\/?p=9701"},"modified":"2026-01-18T19:12:50","modified_gmt":"2026-01-18T22:12:50","slug":"se-desarrollo-un-barrido-sanitario-en-una-mision-de-santa-victoria-este","status":"publish","type":"post","link":"https:\/\/muycritico.com.ar\/web\/?p=9701","title":{"rendered":"SE DESARROLL\u00d3 UN BARRIDO SANITARIO EN UNA MISI\u00d3N DE SANTA VICTORIA ESTE"},"content":{"rendered":"<p><strong>Un equipo multidisciplinario brind\u00f3 atenci\u00f3n, casa por casa, a cerca de 30 personas en el paraje Pim Pim. Se hizo control m\u00e9dico a ni\u00f1os y adultos. Adem\u00e1s, se entreg\u00f3 medicaci\u00f3n, sales de rehidrataci\u00f3n, frutas y verduras.<\/strong><\/p>\n<p><!--more--><\/p>\n<p>Desde la Subsecretar\u00eda de Medicina Social del Ministerio de Salud P\u00fablica informaron que, el domingo 7 de septiembre, se llev\u00f3 a cabo un barrido sanitario en comunidades originarias del paraje Misi\u00f3n El Pim Pim, perteneciente al \u00c1rea Operativa Santa Victoria Este.<\/p>\n<p>En la oportunidad, el m\u00e9dico Jorge Crespo, la jefa de Enfemer\u00eda del hospital local Br\u00edgida Moreno, el supervisor de Enfermer\u00eda del nosocomio Luis Artalaz, brindaron atenci\u00f3n a 28 personas, casa por casa.<\/p>\n<p>Del total de asistidos, 17 fueron pacientes pedi\u00e1tricos, es decir, el 60,7%; y 11 adultos, lo que significa el 39,3% de las atenciones.<\/p>\n<p>Adem\u00e1s, se entreg\u00f3 medicamentos y sales de rehidrataci\u00f3n oral a quienes correspond\u00eda, se efectu\u00f3 control antropom\u00e9trico (peso y talla) y se brind\u00f3 consejer\u00eda sobre diferentes patolog\u00edas de esta \u00e9poca del a\u00f1o.<\/p>\n<p>Por otra parte, se distribuyeron frutas y verduras a las familias, que fueron donadas por puesteros del mercado Cofruthos.<\/p>\n","protected":false},"excerpt":{"rendered":"<p>Un equipo multidisciplinario brind\u00f3 atenci\u00f3n, casa por casa, a cerca de 30 personas en el paraje Pim Pim. Se hizo control m\u00e9dico a ni\u00f1os y adultos. Adem\u00e1s, se entreg\u00f3 medicaci\u00f3n, sales de rehidrataci\u00f3n, frutas y verduras.<\/p>\n","protected":false},"author":2,"featured_media":9702,"comment_status":"open","ping_status":"closed","sticky":false,"template":"","format":"standard","meta":{"footnotes":""},"categories":[6],"tags":[872],"class_list":["post-9701","post","type-post","status-publish","format-standard","has-post-thumbnail","hentry","category-notas","tag-victor-sacca"],"_links":{"self":[{"href":"https:\/\/muycritico.com.ar\/web\/index.php?rest_route=\/wp\/v2\/posts\/9701","targetHints":{"allow":["GET"]}}],"collection":[{"href":"https:\/\/muycritico.com.ar\/web\/index.php?rest_route=\/wp\/v2\/posts"}],"about":[{"href":"https:\/\/muycritico.com.ar\/web\/index.php?rest_route=\/wp\/v2\/types\/post"}],"author":[{"embeddable":true,"href":"https:\/\/muycritico.com.ar\/web\/index.php?rest_route=\/wp\/v2\/users\/2"}],"replies":[{"embeddable":true,"href":"https:\/\/muycritico.com.ar\/web\/index.php?rest_route=%2Fwp%2Fv2%2Fcomments&post=9701"}],"version-history":[{"count":1,"href":"https:\/\/muycritico.com.ar\/web\/index.php?rest_route=\/wp\/v2\/posts\/9701\/revisions"}],"predecessor-version":[{"id":9703,"href":"https:\/\/muycritico.com.ar\/web\/index.php?rest_route=\/wp\/v2\/posts\/9701\/revisions\/9703"}],"wp:featuredmedia":[{"embeddable":true,"href":"https:\/\/muycritico.com.ar\/web\/index.php?rest_route=\/wp\/v2\/media\/9702"}],"wp:attachment":[{"href":"https:\/\/muycritico.com.ar\/web\/index.php?rest_route=%2Fwp%2Fv2%2Fmedia&parent=9701"}],"wp:term":[{"taxonomy":"category","embeddable":true,"href":"https:\/\/muycritico.com.ar\/web\/index.php?rest_route=%2Fwp%2Fv2%2Fcategories&post=9701"},{"taxonomy":"post_tag","embeddable":true,"href":"https:\/\/muycritico.com.ar\/web\/index.php?rest_route=%2Fwp%2Fv2%2Ftags&post=9701"}],"curies":[{"name":"wp","href":"https:\/\/api.w.org\/{rel}","templated":true}]}}