{"id":9698,"date":"2025-09-08T17:42:00","date_gmt":"2025-09-08T20:42:00","guid":{"rendered":"https:\/\/muycritico.com.ar\/web\/?p=9698"},"modified":"2026-01-18T19:12:50","modified_gmt":"2026-01-18T22:12:50","slug":"mercado-san-miguel-avanza-la-construccion-de-las-nuevas-columnas","status":"publish","type":"post","link":"https:\/\/muycritico.com.ar\/web\/?p=9698","title":{"rendered":"MERCADO SAN MIGUEL: AVANZA LA CONSTRUCCI\u00d3N DE LAS NUEVAS COLUMNAS"},"content":{"rendered":"<p><strong>La Municipalidad contin\u00faa trabajando en el sector que sufri\u00f3 el incendio y donde se construir\u00e1n las nuevas instalaciones. El \u00e1rea de obra abarca el 60 % del total del predio. Actualmente, se est\u00e1n completando las perforaciones y el hormigonado de las bases.<\/strong><\/p>\n<p><!--more--><\/p>\n<p>La Municipalidad contin\u00faa con las obras de reconstrucci\u00f3n del mercado San Miguel, m\u00e1s precisamente en el sector afectado por el incendio que consumi\u00f3 gran parte de la estructura y de los puestos.<\/p>\n<p>Actualmente, se est\u00e1n completando las perforaciones de 12 metros de profundidad y llenado con hormig\u00f3n, donde se construir\u00e1n las nuevas columnas de hierro y en las que luego se colocar\u00e1n las vigas correspondientes.<\/p>\n<p>A su vez, tambi\u00e9n avanzan las tareas de demolici\u00f3n de las estructuras de material que se vieron afectadas por las llamas, tanto en paredes como en techos. Tambi\u00e9n, se est\u00e1 trabajando en la fachada de la calle Urquiza, por lo que el paso peatonal se encuentra cortado en dicha vereda.<\/p>\n<p>Estas acciones se est\u00e1n desarrollando en el 60 % del edificio, mientras que en el otro 40 % que da hacia la peatonal Florida, a\u00fan se encuentra abierto de manera normal hasta que inicien las nuevas obras en dicho sector.<\/p>\n<p>Es importante destacar que, durante el tiempo de obra, el mercado permanece abierto de manera normal s\u00f3lo por los ingresos por Florida y San Mart\u00edn. El acceso por calle Urquiza se encuentra cerrado para el p\u00fablico en general.<\/p>\n<p><iframe loading=\"lazy\" title=\"Mercado San Miguel: avanza la construcci\u00f3n de las nuevas columnas\" width=\"696\" height=\"392\" src=\"https:\/\/www.youtube.com\/embed\/zf77YaXPNvU?feature=oembed\" frameborder=\"0\" allow=\"accelerometer; autoplay; clipboard-write; encrypted-media; gyroscope; picture-in-picture; web-share\" referrerpolicy=\"strict-origin-when-cross-origin\" allowfullscreen><\/iframe><\/p>\n","protected":false},"excerpt":{"rendered":"<p>La Municipalidad contin\u00faa trabajando en el sector que sufri\u00f3 el incendio y donde se construir\u00e1n las nuevas instalaciones. El \u00e1rea de obra abarca el 60 % del total del predio. Actualmente, se est\u00e1n completando las perforaciones y el hormigonado de las bases.<\/p>\n","protected":false},"author":2,"featured_media":9699,"comment_status":"open","ping_status":"closed","sticky":false,"template":"","format":"standard","meta":{"footnotes":""},"categories":[6],"tags":[872],"class_list":["post-9698","post","type-post","status-publish","format-standard","has-post-thumbnail","hentry","category-notas","tag-victor-sacca"],"_links":{"self":[{"href":"https:\/\/muycritico.com.ar\/web\/index.php?rest_route=\/wp\/v2\/posts\/9698","targetHints":{"allow":["GET"]}}],"collection":[{"href":"https:\/\/muycritico.com.ar\/web\/index.php?rest_route=\/wp\/v2\/posts"}],"about":[{"href":"https:\/\/muycritico.com.ar\/web\/index.php?rest_route=\/wp\/v2\/types\/post"}],"author":[{"embeddable":true,"href":"https:\/\/muycritico.com.ar\/web\/index.php?rest_route=\/wp\/v2\/users\/2"}],"replies":[{"embeddable":true,"href":"https:\/\/muycritico.com.ar\/web\/index.php?rest_route=%2Fwp%2Fv2%2Fcomments&post=9698"}],"version-history":[{"count":1,"href":"https:\/\/muycritico.com.ar\/web\/index.php?rest_route=\/wp\/v2\/posts\/9698\/revisions"}],"predecessor-version":[{"id":9700,"href":"https:\/\/muycritico.com.ar\/web\/index.php?rest_route=\/wp\/v2\/posts\/9698\/revisions\/9700"}],"wp:featuredmedia":[{"embeddable":true,"href":"https:\/\/muycritico.com.ar\/web\/index.php?rest_route=\/wp\/v2\/media\/9699"}],"wp:attachment":[{"href":"https:\/\/muycritico.com.ar\/web\/index.php?rest_route=%2Fwp%2Fv2%2Fmedia&parent=9698"}],"wp:term":[{"taxonomy":"category","embeddable":true,"href":"https:\/\/muycritico.com.ar\/web\/index.php?rest_route=%2Fwp%2Fv2%2Fcategories&post=9698"},{"taxonomy":"post_tag","embeddable":true,"href":"https:\/\/muycritico.com.ar\/web\/index.php?rest_route=%2Fwp%2Fv2%2Ftags&post=9698"}],"curies":[{"name":"wp","href":"https:\/\/api.w.org\/{rel}","templated":true}]}}