{"id":9695,"date":"2025-09-08T16:52:22","date_gmt":"2025-09-08T19:52:22","guid":{"rendered":"https:\/\/muycritico.com.ar\/web\/?p=9695"},"modified":"2026-01-18T19:12:51","modified_gmt":"2026-01-18T22:12:51","slug":"registro-provincial-de-cannabis-medicinal-y-los-beneficios-de-la-nueva-normativa","status":"publish","type":"post","link":"https:\/\/muycritico.com.ar\/web\/?p=9695","title":{"rendered":"REGISTRO PROVINCIAL DE CANNABIS MEDICINAL Y LOS BENEFICIOS DE LA NUEVA NORMATIVA"},"content":{"rendered":"<p><strong>La Legislatura sancion\u00f3 la Ley de creaci\u00f3n del Registro Provincial de Cannabis Medicinal, \u201cReprocann Salte\u00f1o\u201d, buscando avanzar en la regulaci\u00f3n, trazabilidad y acceso seguro al cannabis con fines medicinales, terap\u00e9uticos y paliativos, en el marco de la Ley Nacional N\u00b0 27.350.<\/strong><\/p>\n<p><!--more--><\/p>\n<p>La iniciativa, impulsada desde la C\u00e1mara de Diputados a instancias de un proyecto de la diputada Laura Cartuccia y el senador Manuel Pailler, obtuvo media sanci\u00f3n un\u00e1nime en dicho Cuerpo Legislativo el pasado 5 de agosto, y ahora, con su sanci\u00f3n definitiva, se convirti\u00f3 en Ley.<\/p>\n<p>La Ley sancionada establece que el registro ser\u00e1 obligatorio y funcionar\u00e1 en el \u00e1mbito del Ministerio de Salud P\u00fablica de la Provincia, e incluir\u00e1 a pacientes y familiares que cumplan con los requisitos de la normativa nacional; productores autorizados con sede en la provincia; instituciones de la sociedad civil con personer\u00eda jur\u00eddica vigente, con trayectoria en investigaci\u00f3n, desarrollo e innovaci\u00f3n de los beneficios del cannabis y sus derivados; as\u00ed como laboratorios, universidades y centros de estudio p\u00fablicos y privados que trabajen en el desarrollo cient\u00edfico y productivo del cannabis medicinal.<\/p>\n<p><strong>Beneficios de la nueva normativa y su integraci\u00f3n con el sistema<\/strong><\/p>\n<p>La norma contempla que los pacientes registrados puedan adquirir y transportar cannabis medicinal dentro del territorio provincial, conforme a lo dispuesto por la legislaci\u00f3n nacional. Tambi\u00e9n se habilita a instituciones registradas y autorizadas a dispensar cannabis con fines medicinales bajo supervisi\u00f3n, con obligaci\u00f3n de informar cada dispensa al Registro Provincial, integrando dicha informaci\u00f3n al Sistema de Historia Cl\u00ednica Digital (SAFESA), conforme a la Ley Provincial N\u00ba 8.431. Esto no solo reforzar\u00e1 la transparencia en las operaciones, sino tambi\u00e9n permitir\u00e1 un monitoreo m\u00e1s eficiente del uso autorizado.<\/p>\n<p>Asimismo, establece al Ministerio de Salud P\u00fablica como Autoridad de Aplicaci\u00f3n, en coordinaci\u00f3n con el Ministerio de Producci\u00f3n y Desarrollo Sustentable, y prev\u00e9 la firma de convenios con organismos nacionales para garantizar la implementaci\u00f3n plena del r\u00e9gimen legal vigente.<\/p>\n","protected":false},"excerpt":{"rendered":"<p>La Legislatura sancion\u00f3 la Ley de creaci\u00f3n del Registro Provincial de Cannabis Medicinal, \u201cReprocann Salte\u00f1o\u201d, buscando avanzar en la regulaci\u00f3n, trazabilidad y acceso seguro al cannabis con fines medicinales, terap\u00e9uticos y paliativos, en el marco de la Ley Nacional N\u00b0 27.350.<\/p>\n","protected":false},"author":2,"featured_media":9696,"comment_status":"open","ping_status":"closed","sticky":false,"template":"","format":"standard","meta":{"footnotes":""},"categories":[6],"tags":[872],"class_list":["post-9695","post","type-post","status-publish","format-standard","has-post-thumbnail","hentry","category-notas","tag-victor-sacca"],"_links":{"self":[{"href":"https:\/\/muycritico.com.ar\/web\/index.php?rest_route=\/wp\/v2\/posts\/9695","targetHints":{"allow":["GET"]}}],"collection":[{"href":"https:\/\/muycritico.com.ar\/web\/index.php?rest_route=\/wp\/v2\/posts"}],"about":[{"href":"https:\/\/muycritico.com.ar\/web\/index.php?rest_route=\/wp\/v2\/types\/post"}],"author":[{"embeddable":true,"href":"https:\/\/muycritico.com.ar\/web\/index.php?rest_route=\/wp\/v2\/users\/2"}],"replies":[{"embeddable":true,"href":"https:\/\/muycritico.com.ar\/web\/index.php?rest_route=%2Fwp%2Fv2%2Fcomments&post=9695"}],"version-history":[{"count":1,"href":"https:\/\/muycritico.com.ar\/web\/index.php?rest_route=\/wp\/v2\/posts\/9695\/revisions"}],"predecessor-version":[{"id":9697,"href":"https:\/\/muycritico.com.ar\/web\/index.php?rest_route=\/wp\/v2\/posts\/9695\/revisions\/9697"}],"wp:featuredmedia":[{"embeddable":true,"href":"https:\/\/muycritico.com.ar\/web\/index.php?rest_route=\/wp\/v2\/media\/9696"}],"wp:attachment":[{"href":"https:\/\/muycritico.com.ar\/web\/index.php?rest_route=%2Fwp%2Fv2%2Fmedia&parent=9695"}],"wp:term":[{"taxonomy":"category","embeddable":true,"href":"https:\/\/muycritico.com.ar\/web\/index.php?rest_route=%2Fwp%2Fv2%2Fcategories&post=9695"},{"taxonomy":"post_tag","embeddable":true,"href":"https:\/\/muycritico.com.ar\/web\/index.php?rest_route=%2Fwp%2Fv2%2Ftags&post=9695"}],"curies":[{"name":"wp","href":"https:\/\/api.w.org\/{rel}","templated":true}]}}