{"id":9672,"date":"2025-09-07T22:31:16","date_gmt":"2025-09-08T01:31:16","guid":{"rendered":"https:\/\/muycritico.com.ar\/web\/?p=9672"},"modified":"2026-01-18T19:12:51","modified_gmt":"2026-01-18T22:12:51","slug":"la-gente-no-quiere-mas-gritos","status":"publish","type":"post","link":"https:\/\/muycritico.com.ar\/web\/?p=9672","title":{"rendered":"ADVERTENCIA DE LOS GOBERNADORES A JAVIER MILEI: \u201cLA GENTE NO QUIERE M\u00c1S GRITOS\u201d"},"content":{"rendered":"<p><strong>Tras el resultado adverso, Maximiliano Pullaro y Mart\u00edn Llaryora fueron los primeros en expresarse. Sostienen que los resultados de las elecciones que se llevaron a cabo hasta hoy son &#8220;un llamado de atenci\u00f3n&#8221; para el Gobierno. <\/strong><\/p>\n<p><!--more--><\/p>\n<p>A minutos de conocerse los resultados de las elecciones bonaerenses, los gobernadores m\u00e1s cr\u00edticos del Gobierno descuentan una mala performance para La Libertad Avanza. En ese contexto advirtieron: &#8220;La gente no quiere m\u00e1s gritos, quiere hechos&#8221;.<\/p>\n<p>El primero en expresarse fue el santafesino Maximiliano Pullaro. &#8220;En las sucesivas elecciones provinciales se advierte un claro llamado de atenci\u00f3n que el Gobierno Nacional debe atender. Sin gesti\u00f3n, no hay futuro&#8221;, coment\u00f3 en X.<\/p>\n<p>Al mismo tiempo, asegur\u00f3 que &#8220;la gente no quiere m\u00e1s gritos, quiere hechos&#8221;. &#8220;Los argentinos queremos crecer y desarrollarnos con seguridad y en paz. Desde el interior productivo tenemos mucho para decir y, sobre todo, mucho para hacer&#8221;, a\u00f1adi\u00f3.<\/p>\n<figure id=\"attachment_9674\" aria-describedby=\"caption-attachment-9674\" style=\"width: 1256px\" class=\"wp-caption aligncenter\"><img loading=\"lazy\" decoding=\"async\" class=\"size-full wp-image-9674\" src=\"https:\/\/muycritico.com.ar\/web\/wp-content\/uploads\/2025\/09\/PULLARO.jpg\" alt=\"\" width=\"1256\" height=\"620\" srcset=\"https:\/\/muycritico.com.ar\/web\/wp-content\/uploads\/2025\/09\/PULLARO.jpg 1256w, https:\/\/muycritico.com.ar\/web\/wp-content\/uploads\/2025\/09\/PULLARO-768x379.jpg 768w, https:\/\/muycritico.com.ar\/web\/wp-content\/uploads\/2025\/09\/PULLARO-324x160.jpg 324w, https:\/\/muycritico.com.ar\/web\/wp-content\/uploads\/2025\/09\/PULLARO-648x320.jpg 648w\" sizes=\"auto, (max-width: 1256px) 100vw, 1256px\" \/><figcaption id=\"caption-attachment-9674\" class=\"wp-caption-text\">Reuni\u00f3n de gobernadores Maximiliano Pullaro gobernador de Santa Fe, en la casa de Chubut. Mi\u00e9rcoles 30 de julio.<br \/>Foto Santiago Garcia D\u00edaz<\/figcaption><\/figure>\n","protected":false},"excerpt":{"rendered":"<p>Tras el resultado adverso, Maximiliano Pullaro y Mart\u00edn Llaryora fueron los primeros en expresarse. Sostienen que los resultados de las elecciones que se llevaron a cabo hasta hoy son &#8220;un llamado de atenci\u00f3n&#8221; para el Gobierno.<\/p>\n","protected":false},"author":2,"featured_media":9673,"comment_status":"open","ping_status":"closed","sticky":false,"template":"","format":"standard","meta":{"footnotes":""},"categories":[6],"tags":[872],"class_list":["post-9672","post","type-post","status-publish","format-standard","has-post-thumbnail","hentry","category-notas","tag-victor-sacca"],"_links":{"self":[{"href":"https:\/\/muycritico.com.ar\/web\/index.php?rest_route=\/wp\/v2\/posts\/9672","targetHints":{"allow":["GET"]}}],"collection":[{"href":"https:\/\/muycritico.com.ar\/web\/index.php?rest_route=\/wp\/v2\/posts"}],"about":[{"href":"https:\/\/muycritico.com.ar\/web\/index.php?rest_route=\/wp\/v2\/types\/post"}],"author":[{"embeddable":true,"href":"https:\/\/muycritico.com.ar\/web\/index.php?rest_route=\/wp\/v2\/users\/2"}],"replies":[{"embeddable":true,"href":"https:\/\/muycritico.com.ar\/web\/index.php?rest_route=%2Fwp%2Fv2%2Fcomments&post=9672"}],"version-history":[{"count":3,"href":"https:\/\/muycritico.com.ar\/web\/index.php?rest_route=\/wp\/v2\/posts\/9672\/revisions"}],"predecessor-version":[{"id":9677,"href":"https:\/\/muycritico.com.ar\/web\/index.php?rest_route=\/wp\/v2\/posts\/9672\/revisions\/9677"}],"wp:featuredmedia":[{"embeddable":true,"href":"https:\/\/muycritico.com.ar\/web\/index.php?rest_route=\/wp\/v2\/media\/9673"}],"wp:attachment":[{"href":"https:\/\/muycritico.com.ar\/web\/index.php?rest_route=%2Fwp%2Fv2%2Fmedia&parent=9672"}],"wp:term":[{"taxonomy":"category","embeddable":true,"href":"https:\/\/muycritico.com.ar\/web\/index.php?rest_route=%2Fwp%2Fv2%2Fcategories&post=9672"},{"taxonomy":"post_tag","embeddable":true,"href":"https:\/\/muycritico.com.ar\/web\/index.php?rest_route=%2Fwp%2Fv2%2Ftags&post=9672"}],"curies":[{"name":"wp","href":"https:\/\/api.w.org\/{rel}","templated":true}]}}