{"id":9613,"date":"2025-09-05T21:05:05","date_gmt":"2025-09-06T00:05:05","guid":{"rendered":"https:\/\/muycritico.com.ar\/web\/?p=9613"},"modified":"2026-01-18T19:12:52","modified_gmt":"2026-01-18T22:12:52","slug":"milagro-2025-el-15-de-septiembre-el-comercio-abrira-media-jornada","status":"publish","type":"post","link":"https:\/\/muycritico.com.ar\/web\/?p=9613","title":{"rendered":"MILAGRO 2025: EL 15 DE SEPTIEMBRE EL COMERCIO ABRIR\u00c1 MEDIA JORNADA"},"content":{"rendered":"<p><strong>El presidente de la C\u00e1mara de Comercio e Industria de Salta, Gustavo Herrera; y el secretario general del Sindicato de Empleados de Comercio de la Ciudad de Salta, C\u00e9sar Guerrero, firmaron un Acta Acuerdo para establecer c\u00f3mo ser\u00e1 el funcionamiento del sector el pr\u00f3ximo 15 de septiembre, con motivo de la celebraci\u00f3n de la Fiesta del Milagro.<\/strong><\/p>\n<p><!--more--><\/p>\n<p>El acuerdo establece que el pr\u00f3ximo lunes 15 la jornada laboral del Comercio concluir\u00e1 a las 14, para posibilitar a los trabajadores y trabajadoras del sector sumarse al resto de la comunidad salte\u00f1a en la conmemoraci\u00f3n y la renovaci\u00f3n del pacto de fidelidad con el Se\u00f1or y la Virgen del Milagro. El escrito recuerda que la fecha se encuentra establecida como feriado provincial por la ley 5.032 y la Ley de Contrato de Trabajo.<\/p>\n<p>Por otra parte, como viene ocurriendo en los \u00faltimos a\u00f1os, ambas partes acordaron trasladar la celebraci\u00f3n del D\u00eda del Empleado de Comercio, que se conmemora el 26 de septiembre, al lunes 29 del mismo mes. Ese d\u00eda los trabajadores y trabajadoras de la actividad tienen \u201cdescanso\u201d y \u201cno concurrencia a prestar labores\u201d previstos en la ley nacional 26.541.<\/p>\n","protected":false},"excerpt":{"rendered":"<p>El presidente de la C\u00e1mara de Comercio e Industria de Salta, Gustavo Herrera; y el secretario general del Sindicato de Empleados de Comercio de la Ciudad de Salta, C\u00e9sar Guerrero, firmaron un Acta Acuerdo para establecer c\u00f3mo ser\u00e1 el funcionamiento del sector el pr\u00f3ximo 15 de septiembre, con motivo de la celebraci\u00f3n de la Fiesta [&hellip;]<\/p>\n","protected":false},"author":2,"featured_media":9614,"comment_status":"open","ping_status":"closed","sticky":false,"template":"","format":"standard","meta":{"footnotes":""},"categories":[6],"tags":[115,872],"class_list":["post-9613","post","type-post","status-publish","format-standard","has-post-thumbnail","hentry","category-notas","tag-gustavo-herrera","tag-victor-sacca"],"_links":{"self":[{"href":"https:\/\/muycritico.com.ar\/web\/index.php?rest_route=\/wp\/v2\/posts\/9613","targetHints":{"allow":["GET"]}}],"collection":[{"href":"https:\/\/muycritico.com.ar\/web\/index.php?rest_route=\/wp\/v2\/posts"}],"about":[{"href":"https:\/\/muycritico.com.ar\/web\/index.php?rest_route=\/wp\/v2\/types\/post"}],"author":[{"embeddable":true,"href":"https:\/\/muycritico.com.ar\/web\/index.php?rest_route=\/wp\/v2\/users\/2"}],"replies":[{"embeddable":true,"href":"https:\/\/muycritico.com.ar\/web\/index.php?rest_route=%2Fwp%2Fv2%2Fcomments&post=9613"}],"version-history":[{"count":1,"href":"https:\/\/muycritico.com.ar\/web\/index.php?rest_route=\/wp\/v2\/posts\/9613\/revisions"}],"predecessor-version":[{"id":9615,"href":"https:\/\/muycritico.com.ar\/web\/index.php?rest_route=\/wp\/v2\/posts\/9613\/revisions\/9615"}],"wp:featuredmedia":[{"embeddable":true,"href":"https:\/\/muycritico.com.ar\/web\/index.php?rest_route=\/wp\/v2\/media\/9614"}],"wp:attachment":[{"href":"https:\/\/muycritico.com.ar\/web\/index.php?rest_route=%2Fwp%2Fv2%2Fmedia&parent=9613"}],"wp:term":[{"taxonomy":"category","embeddable":true,"href":"https:\/\/muycritico.com.ar\/web\/index.php?rest_route=%2Fwp%2Fv2%2Fcategories&post=9613"},{"taxonomy":"post_tag","embeddable":true,"href":"https:\/\/muycritico.com.ar\/web\/index.php?rest_route=%2Fwp%2Fv2%2Ftags&post=9613"}],"curies":[{"name":"wp","href":"https:\/\/api.w.org\/{rel}","templated":true}]}}