{"id":9609,"date":"2025-09-05T20:54:15","date_gmt":"2025-09-05T23:54:15","guid":{"rendered":"https:\/\/muycritico.com.ar\/web\/?p=9609"},"modified":"2026-01-18T19:12:52","modified_gmt":"2026-01-18T22:12:52","slug":"la-municipalidad-y-la-unsa-inauguraron-un-nuevo-ceunsa-en-el-cic-de-constitucion","status":"publish","type":"post","link":"https:\/\/muycritico.com.ar\/web\/?p=9609","title":{"rendered":"LA MUNICIPALIDAD Y LA UNSA INAUGURARON UN NUEVO CEUNSA EN EL CIC DE CONSTITUCI\u00d3N"},"content":{"rendered":"<p><strong>El espacio brindar\u00e1 capacitaciones de calidad a los vecinos de la zona este y alrededores. La oferta incluir\u00e1 clases de rob\u00f3tica, fotograf\u00eda, edici\u00f3n de video, gastronom\u00eda y servicios para emprender. Los cursos ser\u00e1n dictados por profesionales de esa\u00a0 casa de estudios.<\/strong><\/p>\n<p><!--more--><\/p>\n<p>La Municipalidad y la Secretar\u00eda de Extensi\u00f3n Universitaria de la UNSa -SEUNSa-, dejaron inaugurado un nuevo espacio de conocimiento. Se trata del CEUNSa (Centro de Extensi\u00f3n Universitaria) que funcionar\u00e1 en Centro Integrador Comunitario \u00abPablo Mesples\u00bb de barrio Constituci\u00f3n, zona este.<\/p>\n<p>El nuevo CEUNSa brindar\u00e1 capacitaciones desde el mes de octubre, que estar\u00e1n a cargo de destacados profesionales de esa casa de estudios.<\/p>\n<p>Mar\u00eda Juncosa, coordinadora General de Relaciones con la Comunidad, destac\u00f3 que el trabajo y colaboraci\u00f3n social con la UNSa, permite a los vecinos tener nuevos cursos gratuitos con certificaci\u00f3n.<\/p>\n<p>Por su parte, Rita Martearena, vicerrectora, remarc\u00f3 que la apertura de este espacio, permite\u00a0nuevas oportunidades. \u201cLa Universidad Nacional de Salta sale a los barrios para compartir conocimientos junto a docentes, egresados y alumnos avanzados\u201d, indic\u00f3.<\/p>\n<p>Luego del Milagro en la ciudad, se dar\u00e1n a conocer los horarios de la oferta educativa de: Curso de laboratorio de miradas, creaci\u00f3n de contenido audiovisual, fotograf\u00eda, edici\u00f3n de video, rob\u00f3tica inicial, gastronom\u00eda y servicios para emprender\u00a0o elaborar para el hogar.<\/p>\n<p><img loading=\"lazy\" decoding=\"async\" class=\"aligncenter size-full wp-image-9611\" src=\"https:\/\/muycritico.com.ar\/web\/wp-content\/uploads\/2025\/09\/UNSA2.jpg\" alt=\"\" width=\"708\" height=\"462\" \/><\/p>\n<p><strong>Otros espacios<\/strong><\/p>\n<p>Sobre el funcionamiento de los CEUNSa de San Luis, Bicentenario, San Benito, Uni\u00f3n, Limache, ambas autoridades anticiparon que comenzar\u00e1n a ser refuncionalizados para estar cerca de los vecinos con nuevas propuestas acad\u00e9micas.<\/p>\n","protected":false},"excerpt":{"rendered":"<p>El espacio brindar\u00e1 capacitaciones de calidad a los vecinos de la zona este y alrededores. La oferta incluir\u00e1 clases de rob\u00f3tica, fotograf\u00eda, edici\u00f3n de video, gastronom\u00eda y servicios para emprender. Los cursos ser\u00e1n dictados por profesionales de esa\u00a0 casa de estudios.<\/p>\n","protected":false},"author":2,"featured_media":9610,"comment_status":"open","ping_status":"closed","sticky":false,"template":"","format":"standard","meta":{"footnotes":""},"categories":[6],"tags":[872],"class_list":["post-9609","post","type-post","status-publish","format-standard","has-post-thumbnail","hentry","category-notas","tag-victor-sacca"],"_links":{"self":[{"href":"https:\/\/muycritico.com.ar\/web\/index.php?rest_route=\/wp\/v2\/posts\/9609","targetHints":{"allow":["GET"]}}],"collection":[{"href":"https:\/\/muycritico.com.ar\/web\/index.php?rest_route=\/wp\/v2\/posts"}],"about":[{"href":"https:\/\/muycritico.com.ar\/web\/index.php?rest_route=\/wp\/v2\/types\/post"}],"author":[{"embeddable":true,"href":"https:\/\/muycritico.com.ar\/web\/index.php?rest_route=\/wp\/v2\/users\/2"}],"replies":[{"embeddable":true,"href":"https:\/\/muycritico.com.ar\/web\/index.php?rest_route=%2Fwp%2Fv2%2Fcomments&post=9609"}],"version-history":[{"count":1,"href":"https:\/\/muycritico.com.ar\/web\/index.php?rest_route=\/wp\/v2\/posts\/9609\/revisions"}],"predecessor-version":[{"id":9612,"href":"https:\/\/muycritico.com.ar\/web\/index.php?rest_route=\/wp\/v2\/posts\/9609\/revisions\/9612"}],"wp:featuredmedia":[{"embeddable":true,"href":"https:\/\/muycritico.com.ar\/web\/index.php?rest_route=\/wp\/v2\/media\/9610"}],"wp:attachment":[{"href":"https:\/\/muycritico.com.ar\/web\/index.php?rest_route=%2Fwp%2Fv2%2Fmedia&parent=9609"}],"wp:term":[{"taxonomy":"category","embeddable":true,"href":"https:\/\/muycritico.com.ar\/web\/index.php?rest_route=%2Fwp%2Fv2%2Fcategories&post=9609"},{"taxonomy":"post_tag","embeddable":true,"href":"https:\/\/muycritico.com.ar\/web\/index.php?rest_route=%2Fwp%2Fv2%2Ftags&post=9609"}],"curies":[{"name":"wp","href":"https:\/\/api.w.org\/{rel}","templated":true}]}}