{"id":9506,"date":"2025-09-01T21:27:52","date_gmt":"2025-09-02T00:27:52","guid":{"rendered":"https:\/\/muycritico.com.ar\/web\/?p=9506"},"modified":"2026-01-18T19:15:32","modified_gmt":"2026-01-18T22:15:32","slug":"plan-vial-zona-sur-continuan-las-obras-en-diversos-tramos","status":"publish","type":"post","link":"https:\/\/muycritico.com.ar\/web\/?p=9506","title":{"rendered":"PLAN VIAL ZONA SUR: CONTIN\u00daAN LAS OBRAS EN DIVERSOS TRAMOS"},"content":{"rendered":"<p><strong>En la zona de la rotonda de ingreso al barrio Sta. Ana se prepararon las armaduras para la construcci\u00f3n de la nueva losa; mientras que en la rotonda que se conecta con la ruta 21, camino a San Agust\u00edn, se procedi\u00f3 al graneo, riego de liga y base negra para la colocaci\u00f3n del nuevo pavimento.<\/strong><\/p>\n<p><!--more--><\/p>\n<p>La Municipalidad avanza con las obras del plan Vial Zona Sur que cubrir\u00e1 el tramo compuesto desde la entrada al barrio Santa Ana hasta la rotonda de Limache, y tiene como objetivo mejorar la circulaci\u00f3n vial en uno de los principales ingresos a la ciudad.<\/p>\n<p>Actualmente se trabaja en dos frentes distintos; en la rotonda que se conecta con la ruta 21, camino a San Agust\u00edn, se procedi\u00f3 al graneo, riego de liga y base negra para la colocaci\u00f3n del nuevo pavimento.\u00a0 En tanto que, en la zona de la rotonda de ingreso al barrio Santa Ana, se prepararon las armaduras para la construcci\u00f3n de la nueva losa de hormig\u00f3n.<\/p>\n<p>Es importante recordar que, la obra abarca m\u00e1s de ocho kil\u00f3metros, en los que se est\u00e1n realizando repavimentaci\u00f3n, nuevos accesos, ensanchamiento de veredas, desag\u00fces pluviales y nuevas d\u00e1rsenas. Tambi\u00e9n se ejecutan mejoras en la iluminaci\u00f3n de la zona y en los espacios verdes. Estas acciones beneficiar\u00e1n a 33 barrios y a m\u00e1s de 70 mil vecinos.<\/p>\n<p><iframe loading=\"lazy\" title=\"Plan Vial Zona Sur: contin\u00faan las obras en diversos tramos\" width=\"696\" height=\"392\" src=\"https:\/\/www.youtube.com\/embed\/9T8Hf1s2LXg?feature=oembed\" frameborder=\"0\" allow=\"accelerometer; autoplay; clipboard-write; encrypted-media; gyroscope; picture-in-picture; web-share\" referrerpolicy=\"strict-origin-when-cross-origin\" allowfullscreen><\/iframe><\/p>\n","protected":false},"excerpt":{"rendered":"<p>En la zona de la rotonda de ingreso al barrio Sta. Ana se prepararon las armaduras para la construcci\u00f3n de la nueva losa; mientras que en la rotonda que se conecta con la ruta 21, camino a San Agust\u00edn, se procedi\u00f3 al graneo, riego de liga y base negra para la colocaci\u00f3n del nuevo pavimento.<\/p>\n","protected":false},"author":2,"featured_media":9507,"comment_status":"open","ping_status":"closed","sticky":false,"template":"","format":"standard","meta":{"footnotes":""},"categories":[6],"tags":[872],"class_list":["post-9506","post","type-post","status-publish","format-standard","has-post-thumbnail","hentry","category-notas","tag-victor-sacca"],"_links":{"self":[{"href":"https:\/\/muycritico.com.ar\/web\/index.php?rest_route=\/wp\/v2\/posts\/9506","targetHints":{"allow":["GET"]}}],"collection":[{"href":"https:\/\/muycritico.com.ar\/web\/index.php?rest_route=\/wp\/v2\/posts"}],"about":[{"href":"https:\/\/muycritico.com.ar\/web\/index.php?rest_route=\/wp\/v2\/types\/post"}],"author":[{"embeddable":true,"href":"https:\/\/muycritico.com.ar\/web\/index.php?rest_route=\/wp\/v2\/users\/2"}],"replies":[{"embeddable":true,"href":"https:\/\/muycritico.com.ar\/web\/index.php?rest_route=%2Fwp%2Fv2%2Fcomments&post=9506"}],"version-history":[{"count":1,"href":"https:\/\/muycritico.com.ar\/web\/index.php?rest_route=\/wp\/v2\/posts\/9506\/revisions"}],"predecessor-version":[{"id":9508,"href":"https:\/\/muycritico.com.ar\/web\/index.php?rest_route=\/wp\/v2\/posts\/9506\/revisions\/9508"}],"wp:featuredmedia":[{"embeddable":true,"href":"https:\/\/muycritico.com.ar\/web\/index.php?rest_route=\/wp\/v2\/media\/9507"}],"wp:attachment":[{"href":"https:\/\/muycritico.com.ar\/web\/index.php?rest_route=%2Fwp%2Fv2%2Fmedia&parent=9506"}],"wp:term":[{"taxonomy":"category","embeddable":true,"href":"https:\/\/muycritico.com.ar\/web\/index.php?rest_route=%2Fwp%2Fv2%2Fcategories&post=9506"},{"taxonomy":"post_tag","embeddable":true,"href":"https:\/\/muycritico.com.ar\/web\/index.php?rest_route=%2Fwp%2Fv2%2Ftags&post=9506"}],"curies":[{"name":"wp","href":"https:\/\/api.w.org\/{rel}","templated":true}]}}