{"id":9051,"date":"2025-08-18T18:35:33","date_gmt":"2025-08-18T21:35:33","guid":{"rendered":"https:\/\/muycritico.com.ar\/web\/?p=9051"},"modified":"2026-01-18T19:15:42","modified_gmt":"2026-01-18T22:15:42","slug":"merecido-reconocimiento-por-parte-de-la-corte-de-salta-a-la-trayectoria-del-juez-angel-amadeo-longarte","status":"publish","type":"post","link":"https:\/\/muycritico.com.ar\/web\/?p=9051","title":{"rendered":"MERECIDO RECONOCIMIENTO POR PARTE DE LA CORTE DE SALTA A LA TRAYECTORIA DEL JUEZ \u00c1NGEL AMADEO LONGARTE"},"content":{"rendered":"<p><strong>El notable magistrado se desempe\u00f1aba al jubilarse como Juez de la Sala II del Tribunal de Juicio. En su dilatada carrera en el Poder Judicial intervino en casos emblem\u00e1ticos como el de las turistas francesas y Gaspar Cinco, entre muchos otros.<\/strong><\/p>\n<p><!--more--><\/p>\n<p>El acto estuvo encabezado por la presidenta de la Corte, Teresa Ovejero quien estuvo acompa\u00f1ada por el vicepresidente Fabi\u00e1n Vittar, la vicepresidenta segunda Adriana Rodr\u00edguez, las juezas de Corte Mar\u00eda Alejandra Gauffin y Mar\u00eda Edit Nallim y los jueces de Corte Ernesto Sams\u00f3n, Guillermo Catalano, Pablo L\u00f3pez Vi\u00f1als y Gabriel Chib\u00e1n. Durante el acto Ovejero destac\u00f3 la trayectoria de Longarte quien agradeci\u00f3 el reconocimiento.<\/p>\n<p>En extensa carrera del magistrado destaca un hecho criminal por encima de todos los que se dirimieron en la historia del Poder Judicial en Salta. Para quien redacta la presente nota se trata del caso m\u00e1s grave que haya sucedido al menos en democracia en la provincia de Salta. Un caso que hasta el d\u00eda de hoy no tiene una definici\u00f3n.<\/p>\n<blockquote class=\"instagram-media\" style=\"background: #FFF; border: 0; border-radius: 3px; box-shadow: 0 0 1px 0 rgba(0,0,0,0.5),0 1px 10px 0 rgba(0,0,0,0.15); margin: 1px; max-width: 540px; min-width: 326px; padding: 0; width: calc(100% - 2px);\" data-instgrm-captioned=\"\" data-instgrm-permalink=\"https:\/\/www.instagram.com\/reel\/DNhBL9Sx6n3\/?utm_source=ig_embed&amp;utm_campaign=loading\" data-instgrm-version=\"14\">\n<div style=\"padding: 16px;\">\n<p>&nbsp;<\/p>\n<div style=\"display: flex; flex-direction: row; align-items: center;\">\n<div style=\"background-color: #f4f4f4; border-radius: 50%; flex-grow: 0; height: 40px; margin-right: 14px; width: 40px;\"><\/div>\n<div style=\"display: flex; flex-direction: column; flex-grow: 1; justify-content: center;\">\n<div style=\"background-color: #f4f4f4; border-radius: 4px; flex-grow: 0; height: 14px; margin-bottom: 6px; width: 100px;\"><\/div>\n<div style=\"background-color: #f4f4f4; border-radius: 4px; flex-grow: 0; height: 14px; width: 60px;\"><\/div>\n<\/div>\n<\/div>\n<div style=\"padding: 19% 0;\"><\/div>\n<div style=\"display: block; height: 50px; margin: 0 auto 12px; width: 50px;\"><\/div>\n<div style=\"padding-top: 8px;\">\n<div style=\"color: #3897f0; font-family: Arial,sans-serif; font-size: 14px; font-style: normal; font-weight: 550; line-height: 18px;\">Ver esta publicaci\u00f3n en Instagram<\/div>\n<\/div>\n<div style=\"padding: 12.5% 0;\"><\/div>\n<div style=\"display: flex; flex-direction: row; margin-bottom: 14px; align-items: center;\">\n<div>\n<div style=\"background-color: #f4f4f4; border-radius: 50%; height: 12.5px; width: 12.5px; transform: translateX(0px) translateY(7px);\"><\/div>\n<div style=\"background-color: #f4f4f4; height: 12.5px; transform: rotate(-45deg) translateX(3px) translateY(1px); width: 12.5px; flex-grow: 0; margin-right: 14px; margin-left: 2px;\"><\/div>\n<div style=\"background-color: #f4f4f4; border-radius: 50%; height: 12.5px; width: 12.5px; transform: translateX(9px) translateY(-18px);\"><\/div>\n<\/div>\n<div style=\"margin-left: 8px;\">\n<div style=\"background-color: #f4f4f4; border-radius: 50%; flex-grow: 0; height: 20px; width: 20px;\"><\/div>\n<div style=\"width: 0; height: 0; border-top: 2px solid transparent; border-left: 6px solid #f4f4f4; border-bottom: 2px solid transparent; transform: translateX(16px) translateY(-4px) rotate(30deg);\"><\/div>\n<\/div>\n<div style=\"margin-left: auto;\">\n<div style=\"width: 0px; border-top: 8px solid #F4F4F4; border-right: 8px solid transparent; transform: translateY(16px);\"><\/div>\n<div style=\"background-color: #f4f4f4; flex-grow: 0; height: 12px; width: 16px; transform: translateY(-4px);\"><\/div>\n<div style=\"width: 0; height: 0; border-top: 8px solid #F4F4F4; border-left: 8px solid transparent; transform: translateY(-4px) translateX(8px);\"><\/div>\n<\/div>\n<\/div>\n<div style=\"display: flex; flex-direction: column; flex-grow: 1; justify-content: center; margin-bottom: 24px;\">\n<div style=\"background-color: #f4f4f4; border-radius: 4px; flex-grow: 0; height: 14px; margin-bottom: 6px; width: 224px;\"><\/div>\n<div style=\"background-color: #f4f4f4; border-radius: 4px; flex-grow: 0; height: 14px; width: 144px;\"><\/div>\n<\/div>\n<p>&nbsp;<\/p>\n<p style=\"color: #c9c8cd; font-family: Arial,sans-serif; font-size: 14px; line-height: 17px; margin-bottom: 0; margin-top: 8px; overflow: hidden; padding: 8px 0 7px; text-align: center; text-overflow: ellipsis; white-space: nowrap;\"><a style=\"color: #c9c8cd; font-family: Arial,sans-serif; font-size: 14px; font-style: normal; font-weight: normal; line-height: 17px; text-decoration: none;\" href=\"https:\/\/www.instagram.com\/reel\/DNhBL9Sx6n3\/?utm_source=ig_embed&amp;utm_campaign=loading\" target=\"_blank\" rel=\"noopener\">Una publicaci\u00f3n compartida por Muy Critico (@muycriticodigital)<\/a><\/p>\n<\/div>\n<\/blockquote>\n<p><script async src=\"\/\/www.instagram.com\/embed.js\"><\/script><\/p>\n<p>En 2014, Longarte tuvo la compleja tarea de presidir un juicio emblem\u00e1tico para la historia judicial del pa\u00eds. El debate oral y p\u00fablico por los asesinatos de <strong>Cassandre Bouvier<\/strong> y<strong> Houria Moumni<\/strong>, cuyos cuerpos fueron hallados sin vida el 29 de julio de 2011, en la Quebrada de San Lorenzo.<\/p>\n<p>Por entonces el contexto pol\u00edtico pon\u00eda en duda la credibilidad de la Justicia local, la cual navegaba entre oscuros nubarrones donde se cuestionaba la independencia de las instituciones y la balanza se pod\u00eda inclinar hacia la parcialidad; en un resultado que de haber terminado siendo de culpabilidad para los tres imputados, hubiera sido visto como \u201cpol\u00edticamente correcto\u201d. Esto por la premura de cerrar un caso incomodo ante los ojos del mundo.<\/p>\n<p><strong>Pero el tribunal presidido por Longarte contra todos los pron\u00f3sticos dict\u00f3 una sentencia que al d\u00eda de hoy sorprende por las consecuencias que tendr\u00eda a futuro.<\/strong><\/p>\n<p><img loading=\"lazy\" decoding=\"async\" class=\"aligncenter size-full wp-image-9055\" src=\"https:\/\/muycritico.com.ar\/web\/wp-content\/uploads\/2025\/08\/TRIBUNAL-LONGARTE.jpg\" alt=\"\" width=\"952\" height=\"516\" srcset=\"https:\/\/muycritico.com.ar\/web\/wp-content\/uploads\/2025\/08\/TRIBUNAL-LONGARTE.jpg 952w, https:\/\/muycritico.com.ar\/web\/wp-content\/uploads\/2025\/08\/TRIBUNAL-LONGARTE-768x416.jpg 768w\" sizes=\"auto, (max-width: 952px) 100vw, 952px\" \/><\/p>\n<p>De los tres enjuiciados, dos de ellos fueron absueltos en lo que termin\u00f3 siendo un serio llamado de atenci\u00f3n para el funcionamiento de la Justicia en Salta. Sobre todo por la etapa preliminar (o de instrucci\u00f3n), la cual estuvo viciada de pruebas plantadas y polic\u00edas torturadores. Eso puso a prueba la legitimidad del Poder Judicial y recay\u00f3 con todo el peso sobre los hombros del presidente de aquel tribunal, a quien la historia lo puso a prueba y donde el magistrado debi\u00f3 reconocer la inocencia de <strong>Santos Clemente Vera <\/strong>y de<strong> Daniel Octavio Vilte<\/strong>.<\/p>\n<p>Quiz\u00e1s muchos de quienes est\u00e1n leyendo la presente nota puedan poner una objeci\u00f3n en ese punto y endilgarle a Longarte el haber dado su veredicto de absoluci\u00f3n \u201cpor la duda\u201d,\u00a0mientras que Pucheta lo hizo de forma lisa y llana en su sentencia.<\/p>\n<p>Aunque hab\u00eda que retrotraerse a aquel momento cuando ante los ojos del mundo estos tres imputados \u2013con <strong>Gustavo Lasi<\/strong> incluido\u2013 eran los asesinos ya previamente condenados por la justicia, con todo un aparato detr\u00e1s que inclu\u00eda a una quincena de elementos de la Brigada de Investigaciones con picana en mano, torturando a los imputados y buscando cerrar r\u00e1pido un caso que se pudri\u00f3 de entrada con lo actuado por el sospechosamente ineficaz <strong>Martin P\u00e9rez<\/strong>.<\/p>\n<p><img loading=\"lazy\" decoding=\"async\" class=\"aligncenter size-full wp-image-9056\" src=\"https:\/\/muycritico.com.ar\/web\/wp-content\/uploads\/2025\/08\/TURISTAS-FRANCESAS.jpg\" alt=\"\" width=\"700\" height=\"467\" \/><\/p>\n<p>M\u00e1s la aparici\u00f3n del accionar del polic\u00eda Walter Mamani plantando balas en la escena donde aparecieron los cuerpos de las v\u00edctimas; sin contar con que la data de muerte no cerraba de ninguna manera, ya que los cuerpos no pod\u00edan llevar all\u00ed dos semanas como informaron desde el minuto uno de la investigaci\u00f3n, sino apenas 72horas.<\/p>\n<p>A todo ellos sumarle que cometieron el peor de los errores en una investigaci\u00f3n criminal: el de levantar los cuerpos a las tres de la ma\u00f1ana, cuando se sabe que la ciencia forense dicta que la mejor luz para estudiar una escena del crimen es la de la luz del alba. Y ni siquiera perimetrando el \u00e1rea. Todos errores de una banda de novatos superados por un hecho de estas caracter\u00edsticas.<\/p>\n<p>Adem\u00e1s de la suspicaz muerte del comisario <strong>N\u00e9stor P\u00edccolo<\/strong>, despu\u00e9s de que decidiera ir por una hip\u00f3tesis totalmente contraria a lo que ordenara el juez de instrucci\u00f3n, cuando apareci\u00f3 con un tiro en la cabeza en el predio ubicado detr\u00e1s de la Iglesia Nuestra Se\u00f1ora de la Consolaci\u00f3n, justo frente a la sede de la Brigada de investigaciones por entonces. Lugar donde hab\u00edan torturado a los imputados durante d\u00edas.<\/p>\n<p>En l\u00edneas generales la sentencia dictada por \u00c1ngel Amadeo Longarte, Bernardo Ruiz y Carlos H\u00e9ctor Pucheta le desarm\u00f3 a la justicia de Salta todo un perverso entramado que inclu\u00eda culpar a dos inocentes que compon\u00edan una supuesta \u201cbanda de tres ladronzuelos, violadores y asesinos que hab\u00edan atacado y asesinado a las v\u00edctimas\u201d.<\/p>\n<p>Solo un poco m\u00e1s de un a\u00f1o despu\u00e9s de aquella sentencia que liber\u00f3 a dos de los tres imputados, los jueces <strong>Rub\u00e9n Eduardo Arias Nallar y Luciano Ignacio Martini Bonari<\/strong>, entre gallos y medianoches desestimaron todo lo obrado por aquel tribunal presidido por Longarte y condenaron a Santos Clemente Vera; quien tras 8 a\u00f1os en el infernal penal de Villa Las Rosas finalmente fue liberado por decisi\u00f3n de la <strong>Corte Suprema de Justicia de la Naci\u00f3n<\/strong>, reivindicando el notable trabajo que realizara Longarte, junto a Ruiz y Pucheta.<\/p>\n<p><img loading=\"lazy\" decoding=\"async\" class=\"aligncenter size-full wp-image-9054\" src=\"https:\/\/muycritico.com.ar\/web\/wp-content\/uploads\/2025\/08\/GasparCinco.jpg\" alt=\"\" width=\"1024\" height=\"683\" srcset=\"https:\/\/muycritico.com.ar\/web\/wp-content\/uploads\/2025\/08\/GasparCinco.jpg 1024w, https:\/\/muycritico.com.ar\/web\/wp-content\/uploads\/2025\/08\/GasparCinco-768x512.jpg 768w\" sizes=\"auto, (max-width: 1024px) 100vw, 1024px\" \/><\/p>\n<p><strong>El psic\u00f3pata que envenen\u00f3 a una joven madre junto a su peque\u00f1o hijo <\/strong><\/p>\n<p>Otro caso espeluznante que tuvo que juzgar el juez \u00c1ngel Amadeo Longarte fue el de <strong>Franco Rodrigo Gaspar Cinco<\/strong>, quien asesino a <strong>Alejandra P\u00e1rraga y su hijo Amir<\/strong>, tras una escalofriante investigaci\u00f3n, esta vez en un proceso unipersonal por parte del magistrado.<\/p>\n<p>En el fallo, el juez Longarte conden\u00f3 a Gaspar Cinco a la pena de prisi\u00f3n perpetua por los delitos de tentativa de homicidio simple en perjuicio del menor Amir P\u00e1rraga y doble homicidio doblemente calificado de Alejandra P\u00e1rraga y su hijo.<\/p>\n<p>Aquel caso no fue uno m\u00e1s por lo perverso de la cronolog\u00eda y lo perturbador que puede resultar el hecho de sumergirse en las oscuras aguas de la locura y la maldad de un sujeto frio que carece absolutamente de alg\u00fan \u00e1pice de culpa. Un loco furioso que puede premeditar el m\u00e1s s\u00f3rdido de los planes criminales con tal de llegar al resultado muerte.<\/p>\n<p><img loading=\"lazy\" decoding=\"async\" class=\"aligncenter size-full wp-image-9053\" src=\"https:\/\/muycritico.com.ar\/web\/wp-content\/uploads\/2025\/08\/GASPAR-CINCO-2018.jpg\" alt=\"\" width=\"1200\" height=\"500\" srcset=\"https:\/\/muycritico.com.ar\/web\/wp-content\/uploads\/2025\/08\/GASPAR-CINCO-2018.jpg 1200w, https:\/\/muycritico.com.ar\/web\/wp-content\/uploads\/2025\/08\/GASPAR-CINCO-2018-768x320.jpg 768w\" sizes=\"auto, (max-width: 1200px) 100vw, 1200px\" \/><\/p>\n<p>En retrospectiva y ante la at\u00f3nita mirada de la prensa y el p\u00fablico que tuvo la oportunidad de presenciar tama\u00f1a atrocidad, Gaspar Cinco era al menos ante la optica de quien escribe la presente nota, un asesino de ni\u00f1os tal cual lo fue el notable homicida <strong>Cayetano Santos Godino<\/strong> o mas conocido por su alias del \u201cPetiso orejudo\u201d. Aunque la prensa por esos d\u00edas lo asociaron m\u00e1s a <strong>Yiya Murano<\/strong>.<\/p>\n<p>Para el caso de Gaspar Cinco, el execrable sujeto tuvo la suficiente conciencia como para comprar un potente l\u00edquido de uso industrial como lo es el cianuro de potasio, para diferentes especificaciones como Galvanoplastia, joyer\u00eda e incluso endurecimiento de metales.<\/p>\n<p>Unas dos semanas previas a las tr\u00e1gicas muertes de sus v\u00edctimas ya hab\u00eda intentado asesinar al hijo de su pareja, a quien hab\u00eda apodado como \u201crata con patas\u201d. Sucedi\u00f3 en el dique Cabra Corral cuando intent\u00f3 tirarlo ladera abajo. Pero un transe\u00fante lo salv\u00f3, seg\u00fan relatos de testigos en el juicio.<\/p>\n<p>Pero el 5 de junio de 2017 a las 16:45 el psic\u00f3pata termin\u00f3 matando al ni\u00f1o y a su madre. Tuvo la inconfesa idea de hacerle creer a la joven Alejandra Parraga, su pareja, que hab\u00eda hecho bendecir una botella de agua en la Catedral y que eso deb\u00eda darle de beber al ni\u00f1o.<\/p>\n<p>Como todo manipulador convenci\u00f3 a la pobre madre y nunca sabremos a ciencia cierta si la intenci\u00f3n fue matarlos a los dos, o solo al ni\u00f1o. Ella bebi\u00f3 de la botella y luego le dio a su hijo. Solo unos minutos despu\u00e9s el potente l\u00edquido industrial inciner\u00f3 los \u00f3rganos de la joven, quien cay\u00f3 desplomada en la vereda, sufriendo igual suerte el peque\u00f1o Amir.<\/p>\n<p>Esta horrorosa historia tuvo un cierre con una condena ejemplar a prisi\u00f3n perpetua para el psic\u00f3pata Franco Rodrigo Gaspar Cinco, quien actualmente purga la pena m\u00e1xima en la Unidad Carcelaria de Villa Las Rosas.<\/p>\n","protected":false},"excerpt":{"rendered":"<p>El notable magistrado se desempe\u00f1aba al jubilarse como Juez de la Sala II del Tribunal de Juicio. En su dilatada carrera en el Poder Judicial intervino en casos emblem\u00e1ticos como el de las turistas francesas y Gaspar Cinco, entre muchos otros.<\/p>\n","protected":false},"author":2,"featured_media":9052,"comment_status":"open","ping_status":"closed","sticky":false,"template":"","format":"standard","meta":{"footnotes":""},"categories":[6],"tags":[177,182,195,1000,176,872],"class_list":["post-9051","post","type-post","status-publish","format-standard","has-post-thumbnail","hentry","category-notas","tag-angel-amadeo-longarte","tag-cassandre-bouvier","tag-gustavo-lasi","tag-houria-moumni","tag-martin-perez","tag-victor-sacca"],"_links":{"self":[{"href":"https:\/\/muycritico.com.ar\/web\/index.php?rest_route=\/wp\/v2\/posts\/9051","targetHints":{"allow":["GET"]}}],"collection":[{"href":"https:\/\/muycritico.com.ar\/web\/index.php?rest_route=\/wp\/v2\/posts"}],"about":[{"href":"https:\/\/muycritico.com.ar\/web\/index.php?rest_route=\/wp\/v2\/types\/post"}],"author":[{"embeddable":true,"href":"https:\/\/muycritico.com.ar\/web\/index.php?rest_route=\/wp\/v2\/users\/2"}],"replies":[{"embeddable":true,"href":"https:\/\/muycritico.com.ar\/web\/index.php?rest_route=%2Fwp%2Fv2%2Fcomments&post=9051"}],"version-history":[{"count":9,"href":"https:\/\/muycritico.com.ar\/web\/index.php?rest_route=\/wp\/v2\/posts\/9051\/revisions"}],"predecessor-version":[{"id":9072,"href":"https:\/\/muycritico.com.ar\/web\/index.php?rest_route=\/wp\/v2\/posts\/9051\/revisions\/9072"}],"wp:featuredmedia":[{"embeddable":true,"href":"https:\/\/muycritico.com.ar\/web\/index.php?rest_route=\/wp\/v2\/media\/9052"}],"wp:attachment":[{"href":"https:\/\/muycritico.com.ar\/web\/index.php?rest_route=%2Fwp%2Fv2%2Fmedia&parent=9051"}],"wp:term":[{"taxonomy":"category","embeddable":true,"href":"https:\/\/muycritico.com.ar\/web\/index.php?rest_route=%2Fwp%2Fv2%2Fcategories&post=9051"},{"taxonomy":"post_tag","embeddable":true,"href":"https:\/\/muycritico.com.ar\/web\/index.php?rest_route=%2Fwp%2Fv2%2Ftags&post=9051"}],"curies":[{"name":"wp","href":"https:\/\/api.w.org\/{rel}","templated":true}]}}