{"id":898,"date":"2024-02-04T12:24:49","date_gmt":"2024-02-04T15:24:49","guid":{"rendered":"https:\/\/muycritico.com.ar\/web\/?p=898"},"modified":"2026-01-18T19:25:45","modified_gmt":"2026-01-18T22:25:45","slug":"el-estado-se-agrando-se-achicaron-las-libertades-y-aumentaron-los-pobres","status":"publish","type":"post","link":"https:\/\/muycritico.com.ar\/web\/?p=898","title":{"rendered":"\u201cEL ESTADO SE AGRAND\u00d3, SE ACHICARON LAS LIBERTADES Y AUMENTARON LOS POBRES\u201d"},"content":{"rendered":"<p><strong>Lo dijo el diputado salte\u00f1o Carlos Zapata por la LLA, en referencia a los 20 a\u00f1os de kirchnerato. \u201cLo que pretende la oposici\u00f3n es el gobierno estilo gomer\u00eda, meta parche y uno que otros gastos por ah\u00ed, nos ha llevado al fracaso\u201d, ironiz\u00f3.<\/strong><\/p>\n<p><!--more--><\/p>\n<p><strong>La palabra de Carlos Zapata <\/strong><\/p>\n<p>Estamos discutiendo y considerando el paquete legislativo que constituye un verdadero cambio. Cambiar es hacer las cosas de manera diferente. Continuar con lo que pretende la oposici\u00f3n, con el gobierno estilo gomer\u00eda, meta parche y uno que otros gastos por ah\u00ed nos ha llevado al fracaso. Son 20 a\u00f1os de fracaso del Estado presente.<\/p>\n<p>El Estado se agrand\u00f3, se achicaron las libertades y aumentaron los pobres y nuestra econom\u00eda se fue reduciendo. \u00bfD\u00f3nde est\u00e1 el Estado presente? Siempre pagando la cuenta de la pol\u00edtica, los productores, el campo siempre poniendo sus hombros pero la pol\u00edtica nunca se achica. Con estas medidas que propone el presidente Milei y que viene en esta Ley Base, nosotros estamos viendo un horizonte.<\/p>\n<p><iframe loading=\"lazy\" title=\"\u201cEL ESTADO SE AGRAND\u00d3, SE ACHICARON LAS LIBERTADES Y AUMENTARON LOS POBRES\u201d\" width=\"696\" height=\"392\" src=\"https:\/\/www.youtube.com\/embed\/3rKL6Xj_bM4?feature=oembed\" frameborder=\"0\" allow=\"accelerometer; autoplay; clipboard-write; encrypted-media; gyroscope; picture-in-picture; web-share\" allowfullscreen><\/iframe><\/p>\n<p>Cada regulaci\u00f3n que pone el Estado se cuarta una libertad. Nosotros tenemos que procurar que cada ciudadano sea el art\u00edfice de su propio destino y que no est\u00e9 condicionado en su vida y en la de su descendencia por malos pol\u00edticos.<\/p>\n","protected":false},"excerpt":{"rendered":"<p>Lo dijo el diputado salte\u00f1o Carlos Zapata por la LLA, en referencia a los 20 a\u00f1os de kirchnerato. \u201cLo que pretende la oposici\u00f3n es el gobierno estilo gomer\u00eda, meta parche y uno que otros gastos por ah\u00ed, nos ha llevado al fracaso\u201d, ironiz\u00f3.<\/p>\n","protected":false},"author":2,"featured_media":899,"comment_status":"open","ping_status":"closed","sticky":false,"template":"","format":"standard","meta":{"footnotes":""},"categories":[6],"tags":[872],"class_list":["post-898","post","type-post","status-publish","format-standard","has-post-thumbnail","hentry","category-notas","tag-victor-sacca"],"_links":{"self":[{"href":"https:\/\/muycritico.com.ar\/web\/index.php?rest_route=\/wp\/v2\/posts\/898","targetHints":{"allow":["GET"]}}],"collection":[{"href":"https:\/\/muycritico.com.ar\/web\/index.php?rest_route=\/wp\/v2\/posts"}],"about":[{"href":"https:\/\/muycritico.com.ar\/web\/index.php?rest_route=\/wp\/v2\/types\/post"}],"author":[{"embeddable":true,"href":"https:\/\/muycritico.com.ar\/web\/index.php?rest_route=\/wp\/v2\/users\/2"}],"replies":[{"embeddable":true,"href":"https:\/\/muycritico.com.ar\/web\/index.php?rest_route=%2Fwp%2Fv2%2Fcomments&post=898"}],"version-history":[{"count":1,"href":"https:\/\/muycritico.com.ar\/web\/index.php?rest_route=\/wp\/v2\/posts\/898\/revisions"}],"predecessor-version":[{"id":900,"href":"https:\/\/muycritico.com.ar\/web\/index.php?rest_route=\/wp\/v2\/posts\/898\/revisions\/900"}],"wp:featuredmedia":[{"embeddable":true,"href":"https:\/\/muycritico.com.ar\/web\/index.php?rest_route=\/wp\/v2\/media\/899"}],"wp:attachment":[{"href":"https:\/\/muycritico.com.ar\/web\/index.php?rest_route=%2Fwp%2Fv2%2Fmedia&parent=898"}],"wp:term":[{"taxonomy":"category","embeddable":true,"href":"https:\/\/muycritico.com.ar\/web\/index.php?rest_route=%2Fwp%2Fv2%2Fcategories&post=898"},{"taxonomy":"post_tag","embeddable":true,"href":"https:\/\/muycritico.com.ar\/web\/index.php?rest_route=%2Fwp%2Fv2%2Ftags&post=898"}],"curies":[{"name":"wp","href":"https:\/\/api.w.org\/{rel}","templated":true}]}}