{"id":894,"date":"2024-02-03T18:52:18","date_gmt":"2024-02-03T21:52:18","guid":{"rendered":"https:\/\/muycritico.com.ar\/web\/?p=894"},"modified":"2026-01-18T19:25:46","modified_gmt":"2026-01-18T22:25:46","slug":"de-lo-unico-que-pueden-dar-lecciones-ustedes-es-de-como-fundir-un-pais-y-enriquecerse-ilicitamente","status":"publish","type":"post","link":"https:\/\/muycritico.com.ar\/web\/?p=894","title":{"rendered":"\u201cDE LO \u00daNICO QUE PUEDEN DAR LECCIONES USTEDES ES DE C\u00d3MO FUNDIR UN PA\u00cdS Y ENRIQUECERSE IL\u00cdCITAMENTE\u201d"},"content":{"rendered":"<p><strong>Lo dijo la diputada Emilia Orozco durante su encendida alocuci\u00f3n en el Congreso de la Nacion. \u201cVoy a hablar de una cuesti\u00f3n que desde ese sector no pueden mencionar. \u00bfY saben qu\u00e9, se\u00f1or presidente? La palabra \u201ccorrupci\u00f3n\u201d, dijo en clara alusi\u00f3n al bloque opositor. Ademas cit\u00f3 al presidente salvadore\u00f1o Nayib Bukele: \u201cLa plata hay alcanza cuando no se la roban\u201d, replic\u00f3.<\/strong><\/p>\n<p><!--more--><\/p>\n<p><strong>La palabra de Emilia Orozco<\/strong><\/p>\n<p>No estar\u00edamos hablando de una reforma de esta magnitud si ustedes no nos habr\u00edan heredado un pa\u00eds sumergido en la pobreza, y no voy a detalle de niveles de inflaci\u00f3n, de ni\u00f1os que no tienen para comer y etc. etc.<\/p>\n<p>Voy a hablar de una cuesti\u00f3n que desde ese sector no pueden mencionar. \u00bfY saben qu\u00e9, se\u00f1or presidente? La palabra \u201ccorrupci\u00f3n\u201d. Me voy a detener, voy a dar un giro de 180 grados, voy a guardar lo que ten\u00eda preparado en defensa de esta ley que tambi\u00e9n va de la mano.<\/p>\n<p>Porque voy a acompa\u00f1ar no solamente esta ley sino todas las que manden el ejecutivo y en todas las que trabajemos, porque es para terminar con los curros de un sector que nos han fundido y les voy a refrescar la memoria. Porque parece que tiene memoria selectiva, corto plazo, amnesia, no lo s\u00e9. Algunos diputados se lo dijeron muy bien pero parece que adem\u00e1s son sordos. Yo voy a perm\u00edtame leer, se\u00f1ora presidente, porque la verdad que el tiempo no me alcanzar\u00eda para detallarles todos los hechos de corrupci\u00f3n en lo que han sido involucrados y que encima defienden y aplauden.<\/p>\n<p>Voy a empezar, se\u00f1ora presidenta: la muerte del doctor Nisman, mi respeto a la familia. S\u00ed, porque todav\u00eda est\u00e1s sin resolver. Insaurralde y su yates, \u00bfcu\u00e1nto a Insaurraldes tenemos en las provincias y en las ciudades en los municipios que nos funden y despu\u00e9s tienen el Tup\u00e9 de hablar de austeridad?<\/p>\n<p><iframe loading=\"lazy\" title=\"\u201cDE LO \u00daNICO QUE PUEDEN DAR LECCIONES USTEDES ES DE C\u00d3MO FUNDIR UN PA\u00cdS Y ENRIQUECERSE IL\u00cdCITAMENTE\u201d\" width=\"696\" height=\"392\" src=\"https:\/\/www.youtube.com\/embed\/Iyh9by9GWZg?feature=oembed\" frameborder=\"0\" allow=\"accelerometer; autoplay; clipboard-write; encrypted-media; gyroscope; picture-in-picture; web-share\" allowfullscreen><\/iframe><\/p>\n<p>Continu\u00f3: La Causa de los Cuadernos, a ver si no se les mueven poco a la cara de piedra. Los sobreprecios de Aiza; los bolsos llenos de d\u00f3lares de L\u00f3pez; An\u00edbal Fern\u00e1ndez y la efedrina; la causa Los Sauses; la compra millonaria de viandas en el Ministerio de la Mujer que no solucionaron nada. Vengo de una de las provincias con la mayor tasa de femicidios. \u00bfUstedes creen que solucionaron algo? No, con conferencias y mesa de di\u00e1logo no hacemos nada, les comento.<\/p>\n<p>Las tarjetas de \u201cChocolate\u201d ojal\u00e1 no aparezcan m\u00e1s Chocolate y aprovecho para felicitar al presidente Mart\u00edn Menen por haber rebajado los gastos de estas c\u00e1maras porque el cambio empieza por casa, les cuento.<\/p>\n<p>\u00bfSaben qu\u00e9 no me voy a extender m\u00e1s? El mayor hecho de corrupci\u00f3n est\u00e1 en la Obra P\u00fablica. S\u00ed, qu\u00e9 casualidad que algunos llegan siendo muy austero y terminan. Yo primero que hacen es fundarse una empresa m\u00e1s de un argentino que nos est\u00e1 viendo deben conocer. Una obra que se giraron los fondos y no se hicieron.<\/p>\n<p>Qu\u00e9 casualidad que la mayor\u00eda de esos hechos de corrupci\u00f3n fueran en su gobierno y hablemos del enriquecimiento il\u00edcito. \u00bfCu\u00e1ntos pueden hablar del enriquecimiento il\u00edcito de los pol\u00edticos? Se\u00f1ora Presidenta voy finalizando para ser respetuosa con el tiempo y no como el resto.<\/p>\n<p>Voy a citar las palabras de un presidente que se gan\u00f3 mi admiraci\u00f3n, aparte de Javier Milei \u00a0por supuesto, que es el presidente (Nayib) Bukele. S\u00ed, Bukele recibi\u00f3 un pa\u00eds igual de desbastado que este. \u00bfY sabe lo que dijo Bukele? Y se lo voy a decir con palabras simples y no tan rimbombantes: \u201cLa plata hay alcanza cuando no se la roban\u201d. Nosotros vamos a trabajar con este proyecto de ley para tener un estado transparente, eficiente y austero.<\/p>\n<p>\u00bfSaben por qu\u00e9? Ustedes no nos pueden dar lecciones de nada. De lo \u00fanico que pueden dar lecciones ustedes es de c\u00f3mo fundir un pa\u00eds y enriquecerse il\u00edcitamente.<\/p>\n","protected":false},"excerpt":{"rendered":"<p>Lo dijo la diputada Emilia Orozco durante su encendida alocuci\u00f3n en el Congreso de la Nacion. \u201cVoy a hablar de una cuesti\u00f3n que desde ese sector no pueden mencionar. \u00bfY saben qu\u00e9, se\u00f1or presidente? La palabra \u201ccorrupci\u00f3n\u201d, dijo en clara alusi\u00f3n al bloque opositor. Ademas cit\u00f3 al presidente salvadore\u00f1o Nayib Bukele: \u201cLa plata hay alcanza [&hellip;]<\/p>\n","protected":false},"author":2,"featured_media":895,"comment_status":"open","ping_status":"closed","sticky":false,"template":"","format":"standard","meta":{"footnotes":""},"categories":[6],"tags":[88,151,872],"class_list":["post-894","post","type-post","status-publish","format-standard","has-post-thumbnail","hentry","category-notas","tag-emilia-orozco","tag-nayib-bukele","tag-victor-sacca"],"_links":{"self":[{"href":"https:\/\/muycritico.com.ar\/web\/index.php?rest_route=\/wp\/v2\/posts\/894","targetHints":{"allow":["GET"]}}],"collection":[{"href":"https:\/\/muycritico.com.ar\/web\/index.php?rest_route=\/wp\/v2\/posts"}],"about":[{"href":"https:\/\/muycritico.com.ar\/web\/index.php?rest_route=\/wp\/v2\/types\/post"}],"author":[{"embeddable":true,"href":"https:\/\/muycritico.com.ar\/web\/index.php?rest_route=\/wp\/v2\/users\/2"}],"replies":[{"embeddable":true,"href":"https:\/\/muycritico.com.ar\/web\/index.php?rest_route=%2Fwp%2Fv2%2Fcomments&post=894"}],"version-history":[{"count":1,"href":"https:\/\/muycritico.com.ar\/web\/index.php?rest_route=\/wp\/v2\/posts\/894\/revisions"}],"predecessor-version":[{"id":896,"href":"https:\/\/muycritico.com.ar\/web\/index.php?rest_route=\/wp\/v2\/posts\/894\/revisions\/896"}],"wp:featuredmedia":[{"embeddable":true,"href":"https:\/\/muycritico.com.ar\/web\/index.php?rest_route=\/wp\/v2\/media\/895"}],"wp:attachment":[{"href":"https:\/\/muycritico.com.ar\/web\/index.php?rest_route=%2Fwp%2Fv2%2Fmedia&parent=894"}],"wp:term":[{"taxonomy":"category","embeddable":true,"href":"https:\/\/muycritico.com.ar\/web\/index.php?rest_route=%2Fwp%2Fv2%2Fcategories&post=894"},{"taxonomy":"post_tag","embeddable":true,"href":"https:\/\/muycritico.com.ar\/web\/index.php?rest_route=%2Fwp%2Fv2%2Ftags&post=894"}],"curies":[{"name":"wp","href":"https:\/\/api.w.org\/{rel}","templated":true}]}}