{"id":889,"date":"2024-02-03T13:35:11","date_gmt":"2024-02-03T16:35:11","guid":{"rendered":"https:\/\/muycritico.com.ar\/web\/?p=889"},"modified":"2026-01-18T19:25:46","modified_gmt":"2026-01-18T22:25:46","slug":"no-es-posible-que-en-este-congreso-se-sea-indiferente-con-las-provincias-del-interior","status":"publish","type":"post","link":"https:\/\/muycritico.com.ar\/web\/?p=889","title":{"rendered":"\u201cNO ES POSIBLE QUE EN ESTE CONGRESO SE SEA INDIFERENTE CON LAS PROVINCIAS DEL INTERIOR\u201d"},"content":{"rendered":"<p><strong>Lo dijo el diputado nacional Pablo Outes en su alocuci\u00f3n en el Congreso. All\u00ed fustig\u00f3 duramente a quienes miran al interior con desd\u00e9n y algunos de sus pares se\u00f1alan a las provincias por \u201cla cantidad de empleados p\u00fablicos\u201d. Por su parte el legislador salte\u00f1o por UP, enfatiz\u00f3 en la problem\u00e1tica de \u201cproducir porque la energ\u00eda vale el doble de lo que vale en provincia de Buenos Aires o en capital federal\u201d.<\/strong><\/p>\n<p><!--more--><\/p>\n<p><strong>La palabra de Outes en el Congreso de la Naci\u00f3n <\/strong><\/p>\n<p>Llamativamente a nosotros como provincia, desde que llega este gobierno, producto de una elecci\u00f3n, se borraron las obras que tra\u00edamos en ejecuci\u00f3n. Las rutas que ven\u00edamos trabajando desaparecieron porque el nuevo criterio pol\u00edtico es que aquel gobierno no tiene que hacer obras, las obras la tiene que financiar el Mercado.<\/p>\n<p>Las obras de energ\u00eda que nosotros ven\u00edamos esperando tambi\u00e9n se suspendieron porque ahora las hacen el Mercado y nuevamente los salte\u00f1os, nuestros peque\u00f1os productores, nuestros medianos productores, se quedan con la esperanza de qu\u00e9 pasar\u00e1 a futuro.<\/p>\n<p><iframe loading=\"lazy\" title=\"\u201cNO ES POSIBLE QUE EN ESTE CONGRESO SE SEA INDIFERENTE CON LAS PROVINCIAS DEL INTERIOR\u201d\" width=\"696\" height=\"392\" src=\"https:\/\/www.youtube.com\/embed\/Lv-kPqrZeY0?feature=oembed\" frameborder=\"0\" allow=\"accelerometer; autoplay; clipboard-write; encrypted-media; gyroscope; picture-in-picture; web-share\" allowfullscreen><\/iframe><\/p>\n<p>No es posible que esto ocurra, <strong>no es posible que en este Congreso se sea indiferente con las provincias del interior.<\/strong> Se volvi\u00f3 moneda com\u00fan solo pensar en capital. Escuch\u00e9 a diputados de la capital decir \u201cc\u00f3mo puede ser que existan provincias que tengan tantos empleados p\u00fablicos\u201d<\/p>\n<p>No saben lo que es ustedes no poder producir porque la energ\u00eda vale el doble de lo que vale en provincia de Buenos Aires o en capital federal, no tenemos gas y el gas vale el doble de lo que vale ac\u00e1, las provincias no tienen rutas para sacar su producci\u00f3n al mar.<\/p>\n","protected":false},"excerpt":{"rendered":"<p>Lo dijo el diputado nacional Pablo Outes en su alocuci\u00f3n en el Congreso. All\u00ed fustig\u00f3 duramente a quienes miran al interior con desd\u00e9n y algunos de sus pares se\u00f1alan a las provincias por \u201cla cantidad de empleados p\u00fablicos\u201d. Por su parte el legislador salte\u00f1o por UP, enfatiz\u00f3 en la problem\u00e1tica de \u201cproducir porque la energ\u00eda [&hellip;]<\/p>\n","protected":false},"author":2,"featured_media":890,"comment_status":"open","ping_status":"closed","sticky":false,"template":"","format":"standard","meta":{"footnotes":""},"categories":[6],"tags":[872],"class_list":["post-889","post","type-post","status-publish","format-standard","has-post-thumbnail","hentry","category-notas","tag-victor-sacca"],"_links":{"self":[{"href":"https:\/\/muycritico.com.ar\/web\/index.php?rest_route=\/wp\/v2\/posts\/889","targetHints":{"allow":["GET"]}}],"collection":[{"href":"https:\/\/muycritico.com.ar\/web\/index.php?rest_route=\/wp\/v2\/posts"}],"about":[{"href":"https:\/\/muycritico.com.ar\/web\/index.php?rest_route=\/wp\/v2\/types\/post"}],"author":[{"embeddable":true,"href":"https:\/\/muycritico.com.ar\/web\/index.php?rest_route=\/wp\/v2\/users\/2"}],"replies":[{"embeddable":true,"href":"https:\/\/muycritico.com.ar\/web\/index.php?rest_route=%2Fwp%2Fv2%2Fcomments&post=889"}],"version-history":[{"count":1,"href":"https:\/\/muycritico.com.ar\/web\/index.php?rest_route=\/wp\/v2\/posts\/889\/revisions"}],"predecessor-version":[{"id":891,"href":"https:\/\/muycritico.com.ar\/web\/index.php?rest_route=\/wp\/v2\/posts\/889\/revisions\/891"}],"wp:featuredmedia":[{"embeddable":true,"href":"https:\/\/muycritico.com.ar\/web\/index.php?rest_route=\/wp\/v2\/media\/890"}],"wp:attachment":[{"href":"https:\/\/muycritico.com.ar\/web\/index.php?rest_route=%2Fwp%2Fv2%2Fmedia&parent=889"}],"wp:term":[{"taxonomy":"category","embeddable":true,"href":"https:\/\/muycritico.com.ar\/web\/index.php?rest_route=%2Fwp%2Fv2%2Fcategories&post=889"},{"taxonomy":"post_tag","embeddable":true,"href":"https:\/\/muycritico.com.ar\/web\/index.php?rest_route=%2Fwp%2Fv2%2Ftags&post=889"}],"curies":[{"name":"wp","href":"https:\/\/api.w.org\/{rel}","templated":true}]}}