{"id":881,"date":"2024-02-02T16:41:59","date_gmt":"2024-02-02T19:41:59","guid":{"rendered":"https:\/\/muycritico.com.ar\/web\/?p=881"},"modified":"2026-01-18T19:25:47","modified_gmt":"2026-01-18T22:25:47","slug":"adriana-tiene-una-rara-enfermedad-y-necesita-ayuda-para-una-cirugia-urgente-en-espana","status":"publish","type":"post","link":"https:\/\/muycritico.com.ar\/web\/?p=881","title":{"rendered":"ADRIANA TIENE UNA RARA ENFERMEDAD Y NECESITA AYUDA PARA UNA CIRUG\u00cdA URGENTE EN ESPA\u00d1A"},"content":{"rendered":"<p><strong>Es salte\u00f1a, tiene 56 a\u00f1os de edad y sufre diariamente los efectos de esta enfermedad poco com\u00fan llamada Filum Terminal, que afecta tanto su columna como su sistema nervioso, provocando dolores intensos, fatiga cr\u00f3nica y otros s\u00edntomas debilitantes.\u00a0<\/strong><strong>Tiene 10 d\u00edas para juntar m\u00e1s de 22 mil euros y 5 mil d\u00f3lares.<\/strong><\/p>\n<p><!--more--><\/p>\n<p>Seg\u00fan informa consigna El Tribuno, la cirug\u00eda especializada en Barcelona, que tiene un costo de 18.800 euros, ofrece la \u00fanica esperanza para Adriana, pero los gastos adicionales de pasajes y estad\u00eda elevar\u00edan la cifra total necesaria a m\u00e1s de 22 mil euros.<\/p>\n<p><strong>Detalles clave:<\/strong><\/p>\n<p>La intervenci\u00f3n quir\u00fargica ser\u00e1 realizada por el doctor Miguel B. Royo Salvador, neur\u00f3logo y neurocirujano del Institut Chiari &amp; Siringomielia &amp; Escoliosis de Barcelona.<\/p>\n<p>El programa de asistencia de Adriana incluye visitas m\u00e9dicas y pruebas preoperatorias el mi\u00e9rcoles 28 de febrero, la cirug\u00eda el jueves 29 de febrero y el alta hospitalaria el viernes 01 de marzo.<\/p>\n<p>La enfermedad del Filum Terminale puede ser causa de la llamada &#8220;muerte s\u00fabita&#8221;, lo que subraya la urgencia de la cirug\u00eda para Adriana.<\/p>\n<p><strong>C\u00f3mo ayudar:<\/strong><\/p>\n<p>Para contribuir con Adriana y su lucha contra esta enfermedad devastadora, se han proporcionado los siguientes datos:<\/p>\n<p>CBU: 2850100640000826914958<\/p>\n<p>Alias: DIENTE.LOBO.LUNA<\/p>\n<p><strong>Apellido y Nombre: Beltr\u00e1n, Adriana del Camen.<\/strong><\/p>\n<p>La situaci\u00f3n de Adriana es cada vez m\u00e1s desesperada, y el tiempo apremia. Cualquier ayuda, por peque\u00f1a que sea, marcar\u00e1 la diferencia en su vida y en su capacidad para acceder al tratamiento que tanto necesita.<\/p>\n<p><img loading=\"lazy\" decoding=\"async\" class=\"aligncenter size-full wp-image-884\" src=\"https:\/\/muycritico.com.ar\/web\/wp-content\/uploads\/2024\/02\/ADRIANA2.jpg\" alt=\"\" width=\"776\" height=\"630\" srcset=\"https:\/\/muycritico.com.ar\/web\/wp-content\/uploads\/2024\/02\/ADRIANA2.jpg 776w, https:\/\/muycritico.com.ar\/web\/wp-content\/uploads\/2024\/02\/ADRIANA2-768x624.jpg 768w\" sizes=\"auto, (max-width: 776px) 100vw, 776px\" \/><\/p>\n","protected":false},"excerpt":{"rendered":"<p>Es salte\u00f1a, tiene 56 a\u00f1os de edad y sufre diariamente los efectos de esta enfermedad poco com\u00fan llamada Filum Terminal, que afecta tanto su columna como su sistema nervioso, provocando dolores intensos, fatiga cr\u00f3nica y otros s\u00edntomas debilitantes.\u00a0Tiene 10 d\u00edas para juntar m\u00e1s de 22 mil euros y 5 mil d\u00f3lares.<\/p>\n","protected":false},"author":2,"featured_media":882,"comment_status":"open","ping_status":"closed","sticky":false,"template":"","format":"standard","meta":{"footnotes":""},"categories":[6],"tags":[149,872],"class_list":["post-881","post","type-post","status-publish","format-standard","has-post-thumbnail","hentry","category-notas","tag-filum-terminal","tag-victor-sacca"],"_links":{"self":[{"href":"https:\/\/muycritico.com.ar\/web\/index.php?rest_route=\/wp\/v2\/posts\/881","targetHints":{"allow":["GET"]}}],"collection":[{"href":"https:\/\/muycritico.com.ar\/web\/index.php?rest_route=\/wp\/v2\/posts"}],"about":[{"href":"https:\/\/muycritico.com.ar\/web\/index.php?rest_route=\/wp\/v2\/types\/post"}],"author":[{"embeddable":true,"href":"https:\/\/muycritico.com.ar\/web\/index.php?rest_route=\/wp\/v2\/users\/2"}],"replies":[{"embeddable":true,"href":"https:\/\/muycritico.com.ar\/web\/index.php?rest_route=%2Fwp%2Fv2%2Fcomments&post=881"}],"version-history":[{"count":2,"href":"https:\/\/muycritico.com.ar\/web\/index.php?rest_route=\/wp\/v2\/posts\/881\/revisions"}],"predecessor-version":[{"id":885,"href":"https:\/\/muycritico.com.ar\/web\/index.php?rest_route=\/wp\/v2\/posts\/881\/revisions\/885"}],"wp:featuredmedia":[{"embeddable":true,"href":"https:\/\/muycritico.com.ar\/web\/index.php?rest_route=\/wp\/v2\/media\/882"}],"wp:attachment":[{"href":"https:\/\/muycritico.com.ar\/web\/index.php?rest_route=%2Fwp%2Fv2%2Fmedia&parent=881"}],"wp:term":[{"taxonomy":"category","embeddable":true,"href":"https:\/\/muycritico.com.ar\/web\/index.php?rest_route=%2Fwp%2Fv2%2Fcategories&post=881"},{"taxonomy":"post_tag","embeddable":true,"href":"https:\/\/muycritico.com.ar\/web\/index.php?rest_route=%2Fwp%2Fv2%2Ftags&post=881"}],"curies":[{"name":"wp","href":"https:\/\/api.w.org\/{rel}","templated":true}]}}