{"id":8550,"date":"2025-07-31T18:48:50","date_gmt":"2025-07-31T21:48:50","guid":{"rendered":"https:\/\/muycritico.com.ar\/web\/?p=8550"},"modified":"2026-01-18T15:32:33","modified_gmt":"2026-01-18T18:32:33","slug":"este-fin-de-semana-abre-sus-puertas-el-renovado-distrito-cultural-dino-saluzzi","status":"publish","type":"post","link":"https:\/\/muycritico.com.ar\/web\/?p=8550","title":{"rendered":"ESTE FIN DE SEMANA ABRE SUS PUERTAS EL RENOVADO DISTRITO CULTURAL \u201cDINO SALUZZI\u201c"},"content":{"rendered":"<p><strong>El espacio ubicado en Independencia 910 busca ser un polo cultural activo y abierto a la comunidad. Su puesta en valor transforma el lugar en un punto de encuentro, recreaci\u00f3n y desarrollo. La inauguraci\u00f3n ser\u00e1 este 2 y 3 de agosto con propuestas para toda la familia.<\/strong><\/p>\n<p><!--more--><\/p>\n<p>Este fin de semana, el renovado Distrito Cultural \u201cDino Saluzzi\u00bb abre sus puertas con una agenda llena de m\u00fasica, danza y arte, destinada a j\u00f3venes, artistas locales y familias salte\u00f1as.<\/p>\n<p>El espacio, ubicado en avenida Independencia 910, tuvo una profunda intervenci\u00f3n por parte de la Municipalidad con el objetivo de consolidarlo como un polo cultural activo y abierto a la comunidad.<\/p>\n<p>Las actividades comenzar\u00e1n el s\u00e1bado 2 de agosto, de 16 a 20, con una jornada que incluir\u00e1 presentaciones en vivo de solistas y bandas locales como Lucila S\u00e1nchez, Lucho Perdiguero, Chiara Aciar, Club de Blues Local, Magnesio, Agara, Sekka y Encuadra. Tambi\u00e9n, se podr\u00e1 disfrutar de shows de break dance y ballroom, adem\u00e1s de una variada oferta gastron\u00f3mica.<\/p>\n<p>El domingo 3, desde las 12 hasta las 16, el espacio se convertir\u00e1 en una gran pe\u00f1a folcl\u00f3rica con la presentaci\u00f3n de los artistas: Samuel Garc\u00eda, Florencia Causarano, Kishkas, La Yapa, Los Potrillos, De La Cruz y Marcela Ceballos.<\/p>\n<p>Con esta iniciativa, la gesti\u00f3n del intendente, Emiliano Durand reafirma su compromiso con la transformaci\u00f3n de Salta, recuperando espacios olvidados para convertirlos en puntos de encuentro para los vecinos.<\/p>\n<p>La puesta en valor de este espacio, no es solo una obra de infraestructura, es una inversi\u00f3n en el futuro; significa m\u00e1s oportunidades para los vecinos, m\u00e1s espacios formativos y recreativos, y una ciudad abierta, participativa y con igualdad de acceso a la cultura y al desarrollo de los salte\u00f1os.<\/p>\n<p><iframe loading=\"lazy\" title=\"Este fin de semana abre sus puertas el renovado Distrito Cultural \u201cDino Saluzzi \u201c\" width=\"696\" height=\"392\" src=\"https:\/\/www.youtube.com\/embed\/2k8nRJUv6L8?feature=oembed\" frameborder=\"0\" allow=\"accelerometer; autoplay; clipboard-write; encrypted-media; gyroscope; picture-in-picture; web-share\" referrerpolicy=\"strict-origin-when-cross-origin\" allowfullscreen><\/iframe><\/p>\n<p><strong>Obras de recuperaci\u00f3n<\/strong><\/p>\n<p>Para poner en valor el edificio donde funciona el Distrito Cultural Dino Saluzzi, se trabaj\u00f3 en las paredes exteriores, accesos y en la plaza colindante. Entre otras acciones, se colocaron nuevas puertas, tejas originales tipo musleras, vidrios en las aperturas altas para evitar el ingreso de las palomas y la construcci\u00f3n de accesos y pintura externa e interna.<\/p>\n<p>Asimismo, se acondicionaron las instalaciones que est\u00e1n ubicadas detr\u00e1s del sal\u00f3n central. Se trata de las naves y un sector circular que pertenec\u00edan al ex matadero, que se encontraban en mal estado y rodeados de malezas. Estos espacios ahora ser\u00e1n convertidos en nuevas oficinas, sala de reuniones, escenario, camarines y sala de ensayo, entre otros.<\/p>\n<p>En el lugar, adem\u00e1s, se hizo el correspondiente desmalezado y se acondicion\u00f3 todo el espacio abierto, donde est\u00e1 previsto realizar tareas de parquizaci\u00f3n y asientos para apreciar las actividades que se realicen al aire libre.<\/p>\n<p>Cabe recordar que el edificio tiene una arquitectura de l\u00edneas puras y un estilo italianizante, t\u00e9cnica mixta de piedra y ladrillo.<\/p>\n<p>Actualmente, el \u00e1rea de Ambiente municipal avanza con el paisajismo, mientras se realizan tareas en veredas y ba\u00f1os en la parte posterior del predio.<\/p>\n","protected":false},"excerpt":{"rendered":"<p>El espacio ubicado en Independencia 910 busca ser un polo cultural activo y abierto a la comunidad. Su puesta en valor transforma el lugar en un punto de encuentro, recreaci\u00f3n y desarrollo. La inauguraci\u00f3n ser\u00e1 este 2 y 3 de agosto con propuestas para toda la familia.<\/p>\n","protected":false},"author":2,"featured_media":8551,"comment_status":"open","ping_status":"closed","sticky":false,"template":"","format":"standard","meta":{"footnotes":""},"categories":[8],"tags":[872],"class_list":["post-8550","post","type-post","status-publish","format-standard","has-post-thumbnail","hentry","category-cultura","tag-victor-sacca"],"_links":{"self":[{"href":"https:\/\/muycritico.com.ar\/web\/index.php?rest_route=\/wp\/v2\/posts\/8550","targetHints":{"allow":["GET"]}}],"collection":[{"href":"https:\/\/muycritico.com.ar\/web\/index.php?rest_route=\/wp\/v2\/posts"}],"about":[{"href":"https:\/\/muycritico.com.ar\/web\/index.php?rest_route=\/wp\/v2\/types\/post"}],"author":[{"embeddable":true,"href":"https:\/\/muycritico.com.ar\/web\/index.php?rest_route=\/wp\/v2\/users\/2"}],"replies":[{"embeddable":true,"href":"https:\/\/muycritico.com.ar\/web\/index.php?rest_route=%2Fwp%2Fv2%2Fcomments&post=8550"}],"version-history":[{"count":1,"href":"https:\/\/muycritico.com.ar\/web\/index.php?rest_route=\/wp\/v2\/posts\/8550\/revisions"}],"predecessor-version":[{"id":8552,"href":"https:\/\/muycritico.com.ar\/web\/index.php?rest_route=\/wp\/v2\/posts\/8550\/revisions\/8552"}],"wp:featuredmedia":[{"embeddable":true,"href":"https:\/\/muycritico.com.ar\/web\/index.php?rest_route=\/wp\/v2\/media\/8551"}],"wp:attachment":[{"href":"https:\/\/muycritico.com.ar\/web\/index.php?rest_route=%2Fwp%2Fv2%2Fmedia&parent=8550"}],"wp:term":[{"taxonomy":"category","embeddable":true,"href":"https:\/\/muycritico.com.ar\/web\/index.php?rest_route=%2Fwp%2Fv2%2Fcategories&post=8550"},{"taxonomy":"post_tag","embeddable":true,"href":"https:\/\/muycritico.com.ar\/web\/index.php?rest_route=%2Fwp%2Fv2%2Ftags&post=8550"}],"curies":[{"name":"wp","href":"https:\/\/api.w.org\/{rel}","templated":true}]}}