{"id":8546,"date":"2025-07-31T16:57:01","date_gmt":"2025-07-31T19:57:01","guid":{"rendered":"https:\/\/muycritico.com.ar\/web\/?p=8546"},"modified":"2026-01-18T19:15:53","modified_gmt":"2026-01-18T22:15:53","slug":"niega-que-la-voz-que-se-escucha-sea-la-de-el","status":"publish","type":"post","link":"https:\/\/muycritico.com.ar\/web\/?p=8546","title":{"rendered":"\u201cNIEGA QUE LA VOZ QUE SE ESCUCHA SEA LA DE \u00c9L\u201d"},"content":{"rendered":"<p><strong>Lo dijo el abogado defensor del aun concejal Pablo L\u00f3pez a la salida de la presentaci\u00f3n del descargo ante Comisi\u00f3n de Juicio Pol\u00edtico, Disciplina y Responsabilidad Patrimonial. Aunque parezca incre\u00edble seg\u00fan lo que dijo su representante legal, el denunciado edil niega la autenticidad de los audios y niega los hechos<\/strong><\/p>\n<p><!--more--><\/p>\n<p>La trama se ha tornado surrealista, el esc\u00e1ndalo del libertario <strong>Pablo L\u00f3pez<\/strong> parece ya una trama kafkiana. Por incre\u00edble que suene a los o\u00eddos de cualquiera el acusado de violencia de g\u00e9nero y pedir favores sexuales a cambio de dinero a su ex pareja, lo niega todo, en un descargo presentado en el Concejo capitalino.<\/p>\n<p>\u201cEl concejo entiende que el motivo de la renuncia no tienen que ver con el Concejo en si sino con una cuesti\u00f3n interna de un sector min\u00fasculo de su partido. Con esa nota la comisi\u00f3n qued\u00f3 deliberando\u201d, explic\u00f3 <strong>Jos\u00e9 Teseyra<\/strong>, su abogado ante los medios locales.<\/p>\n<p>&nbsp;<\/p>\n<blockquote class=\"instagram-media\" style=\"background: #FFF; border: 0; border-radius: 3px; box-shadow: 0 0 1px 0 rgba(0,0,0,0.5),0 1px 10px 0 rgba(0,0,0,0.15); margin: 1px; max-width: 540px; min-width: 326px; padding: 0; width: calc(100% - 2px);\" data-instgrm-captioned=\"\" data-instgrm-permalink=\"https:\/\/www.instagram.com\/reel\/DMyUH4iuzgk\/?utm_source=ig_embed&amp;utm_campaign=loading\" data-instgrm-version=\"14\">\n<div style=\"padding: 16px;\">\n<p>&nbsp;<\/p>\n<div style=\"display: flex; flex-direction: row; align-items: center;\">\n<div style=\"background-color: #f4f4f4; border-radius: 50%; flex-grow: 0; height: 40px; margin-right: 14px; width: 40px;\"><\/div>\n<div style=\"display: flex; flex-direction: column; flex-grow: 1; justify-content: center;\">\n<div style=\"background-color: #f4f4f4; border-radius: 4px; flex-grow: 0; height: 14px; margin-bottom: 6px; width: 100px;\"><\/div>\n<div style=\"background-color: #f4f4f4; border-radius: 4px; flex-grow: 0; height: 14px; width: 60px;\"><\/div>\n<\/div>\n<\/div>\n<div style=\"padding: 19% 0;\"><\/div>\n<div style=\"display: block; height: 50px; margin: 0 auto 12px; width: 50px;\"><\/div>\n<div style=\"padding-top: 8px;\">\n<div style=\"color: #3897f0; font-family: Arial,sans-serif; font-size: 14px; font-style: normal; font-weight: 550; line-height: 18px;\">Ver esta publicaci\u00f3n en Instagram<\/div>\n<\/div>\n<div style=\"padding: 12.5% 0;\"><\/div>\n<div style=\"display: flex; flex-direction: row; margin-bottom: 14px; align-items: center;\">\n<div>\n<div style=\"background-color: #f4f4f4; border-radius: 50%; height: 12.5px; width: 12.5px; transform: translateX(0px) translateY(7px);\"><\/div>\n<div style=\"background-color: #f4f4f4; height: 12.5px; transform: rotate(-45deg) translateX(3px) translateY(1px); width: 12.5px; flex-grow: 0; margin-right: 14px; margin-left: 2px;\"><\/div>\n<div style=\"background-color: #f4f4f4; border-radius: 50%; height: 12.5px; width: 12.5px; transform: translateX(9px) translateY(-18px);\"><\/div>\n<\/div>\n<div style=\"margin-left: 8px;\">\n<div style=\"background-color: #f4f4f4; border-radius: 50%; flex-grow: 0; height: 20px; width: 20px;\"><\/div>\n<div style=\"width: 0; height: 0; border-top: 2px solid transparent; border-left: 6px solid #f4f4f4; border-bottom: 2px solid transparent; transform: translateX(16px) translateY(-4px) rotate(30deg);\"><\/div>\n<\/div>\n<div style=\"margin-left: auto;\">\n<div style=\"width: 0px; border-top: 8px solid #F4F4F4; border-right: 8px solid transparent; transform: translateY(16px);\"><\/div>\n<div style=\"background-color: #f4f4f4; flex-grow: 0; height: 12px; width: 16px; transform: translateY(-4px);\"><\/div>\n<div style=\"width: 0; height: 0; border-top: 8px solid #F4F4F4; border-left: 8px solid transparent; transform: translateY(-4px) translateX(8px);\"><\/div>\n<\/div>\n<\/div>\n<div style=\"display: flex; flex-direction: column; flex-grow: 1; justify-content: center; margin-bottom: 24px;\">\n<div style=\"background-color: #f4f4f4; border-radius: 4px; flex-grow: 0; height: 14px; margin-bottom: 6px; width: 224px;\"><\/div>\n<div style=\"background-color: #f4f4f4; border-radius: 4px; flex-grow: 0; height: 14px; width: 144px;\"><\/div>\n<\/div>\n<p>&nbsp;<\/p>\n<p style=\"color: #c9c8cd; font-family: Arial,sans-serif; font-size: 14px; line-height: 17px; margin-bottom: 0; margin-top: 8px; overflow: hidden; padding: 8px 0 7px; text-align: center; text-overflow: ellipsis; white-space: nowrap;\"><a style=\"color: #c9c8cd; font-family: Arial,sans-serif; font-size: 14px; font-style: normal; font-weight: normal; line-height: 17px; text-decoration: none;\" href=\"https:\/\/www.instagram.com\/reel\/DMyUH4iuzgk\/?utm_source=ig_embed&amp;utm_campaign=loading\" target=\"_blank\" rel=\"noopener\">Una publicaci\u00f3n compartida por Muy Critico (@muycriticodigital)<\/a><\/p>\n<\/div>\n<\/blockquote>\n<p><script async src=\"\/\/www.instagram.com\/embed.js\"><\/script><\/p>\n<p>Por su parte el letrado dijo que en la Justicia la causa esta averiguaci\u00f3n preliminar que es un expediente administrativo de la fiscal\u00eda previo a la imputaci\u00f3n formal. \u201cEs decir que no hay una imputaci\u00f3n formal hasta el momento de delito\u201d, detall\u00f3 el defensor.<\/p>\n<p>\u201cSon cuestiones internas del partido que no tienen que ver con el Concejo, eso es lo que hemos aclarado en la nota hoy\u201d, indic\u00f3 el abogado.<\/p>\n<p>Lo que se niega son los hechos de supuesta violencia. Nosotros solo hemos presentado un escrito donde se hace una negativa. La prueba de que esos hechos hayan existido o no le corresponden a la parte acusadora, no a la defensa. Lo que \u00e9l refiere es que gente de su partido, un min\u00fasculo sector de su partido lo estaba hostigando de alguna manera en el marco de la interna\u201d, enfatiz\u00f3 Teseyra.<\/p>\n","protected":false},"excerpt":{"rendered":"<p>Lo dijo el abogado defensor del aun concejal Pablo L\u00f3pez a la salida de la presentaci\u00f3n del descargo ante Comisi\u00f3n de Juicio Pol\u00edtico, Disciplina y Responsabilidad Patrimonial. Aunque parezca incre\u00edble seg\u00fan lo que dijo su representante legal, el denunciado edil niega la autenticidad de los audios y niega los hechos<\/p>\n","protected":false},"author":2,"featured_media":8547,"comment_status":"open","ping_status":"closed","sticky":false,"template":"","format":"standard","meta":{"footnotes":""},"categories":[6],"tags":[1184,784,872],"class_list":["post-8546","post","type-post","status-publish","format-standard","has-post-thumbnail","hentry","category-notas","tag-jose-teseyra","tag-pablo-lopez","tag-victor-sacca"],"_links":{"self":[{"href":"https:\/\/muycritico.com.ar\/web\/index.php?rest_route=\/wp\/v2\/posts\/8546","targetHints":{"allow":["GET"]}}],"collection":[{"href":"https:\/\/muycritico.com.ar\/web\/index.php?rest_route=\/wp\/v2\/posts"}],"about":[{"href":"https:\/\/muycritico.com.ar\/web\/index.php?rest_route=\/wp\/v2\/types\/post"}],"author":[{"embeddable":true,"href":"https:\/\/muycritico.com.ar\/web\/index.php?rest_route=\/wp\/v2\/users\/2"}],"replies":[{"embeddable":true,"href":"https:\/\/muycritico.com.ar\/web\/index.php?rest_route=%2Fwp%2Fv2%2Fcomments&post=8546"}],"version-history":[{"count":2,"href":"https:\/\/muycritico.com.ar\/web\/index.php?rest_route=\/wp\/v2\/posts\/8546\/revisions"}],"predecessor-version":[{"id":8549,"href":"https:\/\/muycritico.com.ar\/web\/index.php?rest_route=\/wp\/v2\/posts\/8546\/revisions\/8549"}],"wp:featuredmedia":[{"embeddable":true,"href":"https:\/\/muycritico.com.ar\/web\/index.php?rest_route=\/wp\/v2\/media\/8547"}],"wp:attachment":[{"href":"https:\/\/muycritico.com.ar\/web\/index.php?rest_route=%2Fwp%2Fv2%2Fmedia&parent=8546"}],"wp:term":[{"taxonomy":"category","embeddable":true,"href":"https:\/\/muycritico.com.ar\/web\/index.php?rest_route=%2Fwp%2Fv2%2Fcategories&post=8546"},{"taxonomy":"post_tag","embeddable":true,"href":"https:\/\/muycritico.com.ar\/web\/index.php?rest_route=%2Fwp%2Fv2%2Ftags&post=8546"}],"curies":[{"name":"wp","href":"https:\/\/api.w.org\/{rel}","templated":true}]}}