{"id":8520,"date":"2025-07-30T15:55:04","date_gmt":"2025-07-30T18:55:04","guid":{"rendered":"https:\/\/muycritico.com.ar\/web\/?p=8520"},"modified":"2026-01-18T19:27:44","modified_gmt":"2026-01-18T22:27:44","slug":"al-igual-que-homero-simpson-al-intendente-cornejo-lo-mandaron-a-la-casa-por-obeso","status":"publish","type":"post","link":"https:\/\/muycritico.com.ar\/web\/?p=8520","title":{"rendered":"AL IGUAL QUE HOMERO SIMPSON AL INTENDENTE CORNEJO LO MANDARON A LA CASA POR OBESO"},"content":{"rendered":"<p><strong>Luego de una junta m\u00e9dica que arroj\u00f3 la conclusi\u00f3n un\u00e1nime del riesgo de salud, la vocal 2 de la sala II del tribunal de Impugnaci\u00f3n, Mar\u00eda Edith Rodr\u00edguez hizo lugar al recurso de apelaci\u00f3n interpuesto por la defensa t\u00e9cnica de Manuel Cornejo y orden\u00f3 la prisi\u00f3n domiciliaria del interno penado.<\/strong><\/p>\n<p><!--more--><\/p>\n<p>La realidad super\u00f3 la ficci\u00f3n. En la mundialmente famosa serie de televisi\u00f3n creada por Matt Groening, en el episodio s\u00e9ptimo de la temporada 7, Homero se vuelve gordo logrando as\u00ed un c\u00f3modo \u201ctrabajo domiciliario\u201d. En Sudam\u00e9rica se titul\u00f3 \u201cHomero tama\u00f1o familiar\u201d y \u201cKing-Size Homer\u201d en Espa\u00f1a. En este cap\u00edtulo, Homero busca evitar el programa de ejercicios impuesto por el Sr. Burns en la planta nuclear, y decide aumentar de peso para obtener una baja por discapacidad y trabajar desde casa.<\/p>\n<p>El 5 de julio de 2023 se conoc\u00eda la noticia de que el exintendente de Campo Quijano <strong>Manuel Cornejo<\/strong> era condenado a la pena de seis a\u00f1os de prisi\u00f3n e inhabilitaci\u00f3n absoluta perpetua como responsable del delito de peculado (tres hechos) e incumplimiento de los deberes de funcionario p\u00fablico en concurso real. Cornejo mantendr\u00eda la libertad hasta tanto la sentencia quedase firme.<\/p>\n<p>El juez Guillermo Pereyra, vocal de la Sala VI del Tribunal de Juicio, dispuso adem\u00e1s rechazar el planteo de nulidad absoluta parcial del requerimiento de juicio y del planteo de nulidad absoluta del procedimiento vinculado al secuestro de bienes del 2 de julio de 2020. Cornejo hab\u00eda sido absuelto por el delito de peculado (un hecho) y del delito de enriquecimiento il\u00edcito.<\/p>\n<p>La defensa de Cornejo estuvo a cargo de <a href=\"https:\/\/muycritico.com.ar\/web\/2025\/07\/29\/escandalo-en-el-concejo-segundo-faltazo-de-pablo-lopez-y-nueva-prorroga-para-el-descargo-segun-confirmo-su-abogado\/\" target=\"_blank\" rel=\"noopener\"><strong>Fernando Teseyra<\/strong><\/a>, quien acaba de asumir la representaci\u00f3n del concejal Pablo L\u00f3pez en el esc\u00e1ndalo de los audios pidiendo favores sexuales por dinero; junto al experimentando Arnaldo Estrada.<\/p>\n<p>Los hechos tomaron estado p\u00fablico a partir de la denuncia formulada el 28 de enero de 2020 por el intendente de Campo Quijano.<\/p>\n<p>En las \u00faltimas horas la Justicia determin\u00f3 tras junta m\u00e9dica que arroj\u00f3 la conclusi\u00f3n un\u00e1nime del riesgo de salud, la vocal 2 de la sala II del tribunal de Impugnaci\u00f3n, Mar\u00eda Edith Rodr\u00edguez hizo lugar al recurso de apelaci\u00f3n interpuesto por la defensa t\u00e9cnica de Manuel Cornejo y orden\u00f3 la prisi\u00f3n domiciliaria.<\/p>\n<p>Los profesionales, de manera un\u00e1nime, corroboraron el riesgo actual de la permanencia del condenado en el penal debido a su delicado estado de salud, poniendo de relevancia su elevada presi\u00f3n arterial y el riesgo cierto de infarto.<\/p>\n<p>De esta manera y al igual que el popular personaje, Cornejo deber\u00e1 cumplir su condena en su casa. Eso s\u00ed, no podr\u00e1 concurrir al cine a ver \u201cHonk If Ur Horny\u201d o al menos intentar hacerlo.<\/p>\n<blockquote class=\"instagram-media\" style=\"background: #FFF; border: 0; border-radius: 3px; box-shadow: 0 0 1px 0 rgba(0,0,0,0.5),0 1px 10px 0 rgba(0,0,0,0.15); margin: 1px; max-width: 540px; min-width: 326px; padding: 0; width: calc(100% - 2px);\" data-instgrm-captioned=\"\" data-instgrm-permalink=\"https:\/\/www.instagram.com\/reel\/DG9pchVurDd\/?utm_source=ig_embed&amp;utm_campaign=loading\" data-instgrm-version=\"14\">\n<div style=\"padding: 16px;\">\n<p>&nbsp;<\/p>\n<div style=\"display: flex; flex-direction: row; align-items: center;\">\n<div style=\"background-color: #f4f4f4; border-radius: 50%; flex-grow: 0; height: 40px; margin-right: 14px; width: 40px;\"><\/div>\n<div style=\"display: flex; flex-direction: column; flex-grow: 1; justify-content: center;\">\n<div style=\"background-color: #f4f4f4; border-radius: 4px; flex-grow: 0; height: 14px; margin-bottom: 6px; width: 100px;\"><\/div>\n<div style=\"background-color: #f4f4f4; border-radius: 4px; flex-grow: 0; height: 14px; width: 60px;\"><\/div>\n<\/div>\n<\/div>\n<div style=\"padding: 19% 0;\"><\/div>\n<div style=\"display: block; height: 50px; margin: 0 auto 12px; width: 50px;\"><\/div>\n<div style=\"padding-top: 8px;\">\n<div style=\"color: #3897f0; font-family: Arial,sans-serif; font-size: 14px; font-style: normal; font-weight: 550; line-height: 18px;\">Ver esta publicaci\u00f3n en Instagram<\/div>\n<\/div>\n<div style=\"padding: 12.5% 0;\"><\/div>\n<div style=\"display: flex; flex-direction: row; margin-bottom: 14px; align-items: center;\">\n<div>\n<div style=\"background-color: #f4f4f4; border-radius: 50%; height: 12.5px; width: 12.5px; transform: translateX(0px) translateY(7px);\"><\/div>\n<div style=\"background-color: #f4f4f4; height: 12.5px; transform: rotate(-45deg) translateX(3px) translateY(1px); width: 12.5px; flex-grow: 0; margin-right: 14px; margin-left: 2px;\"><\/div>\n<div style=\"background-color: #f4f4f4; border-radius: 50%; height: 12.5px; width: 12.5px; transform: translateX(9px) translateY(-18px);\"><\/div>\n<\/div>\n<div style=\"margin-left: 8px;\">\n<div style=\"background-color: #f4f4f4; border-radius: 50%; flex-grow: 0; height: 20px; width: 20px;\"><\/div>\n<div style=\"width: 0; height: 0; border-top: 2px solid transparent; border-left: 6px solid #f4f4f4; border-bottom: 2px solid transparent; transform: translateX(16px) translateY(-4px) rotate(30deg);\"><\/div>\n<\/div>\n<div style=\"margin-left: auto;\">\n<div style=\"width: 0px; border-top: 8px solid #F4F4F4; border-right: 8px solid transparent; transform: translateY(16px);\"><\/div>\n<div style=\"background-color: #f4f4f4; flex-grow: 0; height: 12px; width: 16px; transform: translateY(-4px);\"><\/div>\n<div style=\"width: 0; height: 0; border-top: 8px solid #F4F4F4; border-left: 8px solid transparent; transform: translateY(-4px) translateX(8px);\"><\/div>\n<\/div>\n<\/div>\n<div style=\"display: flex; flex-direction: column; flex-grow: 1; justify-content: center; margin-bottom: 24px;\">\n<div style=\"background-color: #f4f4f4; border-radius: 4px; flex-grow: 0; height: 14px; margin-bottom: 6px; width: 224px;\"><\/div>\n<div style=\"background-color: #f4f4f4; border-radius: 4px; flex-grow: 0; height: 14px; width: 144px;\"><\/div>\n<\/div>\n<p>&nbsp;<\/p>\n<p style=\"color: #c9c8cd; font-family: Arial,sans-serif; font-size: 14px; line-height: 17px; margin-bottom: 0; margin-top: 8px; overflow: hidden; padding: 8px 0 7px; text-align: center; text-overflow: ellipsis; white-space: nowrap;\"><a style=\"color: #c9c8cd; font-family: Arial,sans-serif; font-size: 14px; font-style: normal; font-weight: normal; line-height: 17px; text-decoration: none;\" href=\"https:\/\/www.instagram.com\/reel\/DG9pchVurDd\/?utm_source=ig_embed&amp;utm_campaign=loading\" target=\"_blank\" rel=\"noopener\">Una publicaci\u00f3n compartida por SimpsonsSymphony (@simpsonssymphony)<\/a><\/p>\n<\/div>\n<\/blockquote>\n<p><script async src=\"\/\/www.instagram.com\/embed.js\"><\/script><\/p>\n","protected":false},"excerpt":{"rendered":"<p>Luego de una junta m\u00e9dica que arroj\u00f3 la conclusi\u00f3n un\u00e1nime del riesgo de salud, la vocal 2 de la sala II del tribunal de Impugnaci\u00f3n, Mar\u00eda Edith Rodr\u00edguez hizo lugar al recurso de apelaci\u00f3n interpuesto por la defensa t\u00e9cnica de Manuel Cornejo y orden\u00f3 la prisi\u00f3n domiciliaria del interno penado.<\/p>\n","protected":false},"author":2,"featured_media":8516,"comment_status":"open","ping_status":"closed","sticky":false,"template":"","format":"standard","meta":{"footnotes":""},"categories":[10],"tags":[1180,872],"class_list":["post-8520","post","type-post","status-publish","format-standard","has-post-thumbnail","hentry","category-personajes","tag-manuel-cornejo","tag-victor-sacca"],"_links":{"self":[{"href":"https:\/\/muycritico.com.ar\/web\/index.php?rest_route=\/wp\/v2\/posts\/8520","targetHints":{"allow":["GET"]}}],"collection":[{"href":"https:\/\/muycritico.com.ar\/web\/index.php?rest_route=\/wp\/v2\/posts"}],"about":[{"href":"https:\/\/muycritico.com.ar\/web\/index.php?rest_route=\/wp\/v2\/types\/post"}],"author":[{"embeddable":true,"href":"https:\/\/muycritico.com.ar\/web\/index.php?rest_route=\/wp\/v2\/users\/2"}],"replies":[{"embeddable":true,"href":"https:\/\/muycritico.com.ar\/web\/index.php?rest_route=%2Fwp%2Fv2%2Fcomments&post=8520"}],"version-history":[{"count":1,"href":"https:\/\/muycritico.com.ar\/web\/index.php?rest_route=\/wp\/v2\/posts\/8520\/revisions"}],"predecessor-version":[{"id":8521,"href":"https:\/\/muycritico.com.ar\/web\/index.php?rest_route=\/wp\/v2\/posts\/8520\/revisions\/8521"}],"wp:featuredmedia":[{"embeddable":true,"href":"https:\/\/muycritico.com.ar\/web\/index.php?rest_route=\/wp\/v2\/media\/8516"}],"wp:attachment":[{"href":"https:\/\/muycritico.com.ar\/web\/index.php?rest_route=%2Fwp%2Fv2%2Fmedia&parent=8520"}],"wp:term":[{"taxonomy":"category","embeddable":true,"href":"https:\/\/muycritico.com.ar\/web\/index.php?rest_route=%2Fwp%2Fv2%2Fcategories&post=8520"},{"taxonomy":"post_tag","embeddable":true,"href":"https:\/\/muycritico.com.ar\/web\/index.php?rest_route=%2Fwp%2Fv2%2Ftags&post=8520"}],"curies":[{"name":"wp","href":"https:\/\/api.w.org\/{rel}","templated":true}]}}