{"id":8513,"date":"2025-07-30T14:21:54","date_gmt":"2025-07-30T17:21:54","guid":{"rendered":"https:\/\/muycritico.com.ar\/web\/?p=8513"},"modified":"2026-01-18T19:15:54","modified_gmt":"2026-01-18T22:15:54","slug":"la-obesidad-la-diabetes-y-la-hipertension-lograron-beneficiar-con-domiciliaria-al-condenado-intendente-cornejo","status":"publish","type":"post","link":"https:\/\/muycritico.com.ar\/web\/?p=8513","title":{"rendered":"LA OBESIDAD, LA DIABETES Y LA HIPERTENSI\u00d3N LOGRARON BENEFICIAR CON DOMICILIARIA AL CONDENADO INTENDENTE CORNEJO\u00a0"},"content":{"rendered":"<p><strong>La Justicia aval\u00f3 la disposici\u00f3n de la Junta M\u00e9dica que corrobor\u00f3 riesgos de salud del exintendente de Campo Quijano, quien cumple prisi\u00f3n en Villa Las Rosas tras ser condenado por delitos de corrupci\u00f3n.<\/strong><\/p>\n<p><!--more--><\/p>\n<p>Muchas veces lo que todo el esfuerzo de una defensa t\u00e9cnica no puede concretar en tribunales, lo termina logrando una cantidad industrial de grasa acumulada en las arterias. Es el caso del intendente Manuel Cornejo, quien sufre de un cuadro cl\u00ednico cr\u00edtico, con obesidad m\u00f3rbida, diabetes y presi\u00f3n arterial por las nubes.<\/p>\n<p>As\u00ed lo dieron a conocer los resaltando de los profesionales de la salud en la persistencia de riesgo del paciente a pesar de todas las \u00f3rdenes que se impartieron desde el Juzgado de Ejecuci\u00f3n oportunamente, luego de corroborarse en un largo periodo de estudios, inspecciones f\u00edsicas, medicas, edilicias y terap\u00e9uticas por parte de los m\u00e9dicos oficiales y de partes.<\/p>\n<figure id=\"attachment_8516\" aria-describedby=\"caption-attachment-8516\" style=\"width: 713px\" class=\"wp-caption aligncenter\"><img loading=\"lazy\" decoding=\"async\" class=\"wp-image-8516 size-full\" src=\"https:\/\/muycritico.com.ar\/web\/wp-content\/uploads\/2025\/07\/HOMERO-CORNEJO.jpg\" alt=\"\" width=\"713\" height=\"433\" \/><figcaption id=\"caption-attachment-8516\" class=\"wp-caption-text\">La realidad super\u00f3 a la ficci\u00f3n, en la famosa serie Los Simpson, Homero es confinado a trabajar en su casa por obeso m\u00f3rbido<\/figcaption><\/figure>\n<p>Luego de una junta m\u00e9dica que arroj\u00f3 la conclusi\u00f3n un\u00e1nime del riesgo de salud, la vocal 2 de la sala II del tribunal de Impugnaci\u00f3n, Mar\u00eda Edith Rodr\u00edguez hizo lugar al recurso de apelaci\u00f3n interpuesto por la defensa t\u00e9cnica de Manuel Cornejo y orden\u00f3 la prisi\u00f3n domiciliaria del interno penado.<\/p>\n<p>La \u00faltima junta m\u00e9dica se hizo el pasado martes 8 de julio con la participaci\u00f3n de profesionales del Servicio M\u00e9dico del Poder Judicial, profesionales representantes del Servicio Penitenciario de la UCI un perito de parte de la defensa y una facultativa de parte de la Municipalidad de Campo Quijano.<\/p>\n<p>Los profesionales, de manera un\u00e1nime, corroboraron el riesgo actual de la permanencia del condenado en el penal debido a su delicado estado de salud, poniendo de relevancia su elevada presi\u00f3n arterial y el riesgo cierto de infarto.<\/p>\n","protected":false},"excerpt":{"rendered":"<p>La Justicia aval\u00f3 la disposici\u00f3n de la Junta M\u00e9dica que corrobor\u00f3 riesgos de salud del exintendente de Campo Quijano, quien cumple prisi\u00f3n en Villa Las Rosas tras ser condenado por delitos de corrupci\u00f3n.<\/p>\n","protected":false},"author":2,"featured_media":8514,"comment_status":"open","ping_status":"closed","sticky":false,"template":"","format":"standard","meta":{"footnotes":""},"categories":[6],"tags":[872],"class_list":["post-8513","post","type-post","status-publish","format-standard","has-post-thumbnail","hentry","category-notas","tag-victor-sacca"],"_links":{"self":[{"href":"https:\/\/muycritico.com.ar\/web\/index.php?rest_route=\/wp\/v2\/posts\/8513","targetHints":{"allow":["GET"]}}],"collection":[{"href":"https:\/\/muycritico.com.ar\/web\/index.php?rest_route=\/wp\/v2\/posts"}],"about":[{"href":"https:\/\/muycritico.com.ar\/web\/index.php?rest_route=\/wp\/v2\/types\/post"}],"author":[{"embeddable":true,"href":"https:\/\/muycritico.com.ar\/web\/index.php?rest_route=\/wp\/v2\/users\/2"}],"replies":[{"embeddable":true,"href":"https:\/\/muycritico.com.ar\/web\/index.php?rest_route=%2Fwp%2Fv2%2Fcomments&post=8513"}],"version-history":[{"count":4,"href":"https:\/\/muycritico.com.ar\/web\/index.php?rest_route=\/wp\/v2\/posts\/8513\/revisions"}],"predecessor-version":[{"id":8519,"href":"https:\/\/muycritico.com.ar\/web\/index.php?rest_route=\/wp\/v2\/posts\/8513\/revisions\/8519"}],"wp:featuredmedia":[{"embeddable":true,"href":"https:\/\/muycritico.com.ar\/web\/index.php?rest_route=\/wp\/v2\/media\/8514"}],"wp:attachment":[{"href":"https:\/\/muycritico.com.ar\/web\/index.php?rest_route=%2Fwp%2Fv2%2Fmedia&parent=8513"}],"wp:term":[{"taxonomy":"category","embeddable":true,"href":"https:\/\/muycritico.com.ar\/web\/index.php?rest_route=%2Fwp%2Fv2%2Fcategories&post=8513"},{"taxonomy":"post_tag","embeddable":true,"href":"https:\/\/muycritico.com.ar\/web\/index.php?rest_route=%2Fwp%2Fv2%2Ftags&post=8513"}],"curies":[{"name":"wp","href":"https:\/\/api.w.org\/{rel}","templated":true}]}}