{"id":8505,"date":"2025-07-30T12:12:00","date_gmt":"2025-07-30T15:12:00","guid":{"rendered":"https:\/\/muycritico.com.ar\/web\/?p=8505"},"modified":"2026-01-18T19:15:54","modified_gmt":"2026-01-18T22:15:54","slug":"mentiroso-delirante-e-inutil","status":"publish","type":"post","link":"https:\/\/muycritico.com.ar\/web\/?p=8505","title":{"rendered":"\u201cMENTIROSO, DELIRANTE E IN\u00daTIL\u201d"},"content":{"rendered":"<p><strong>Se lo dijo el iracundo dirigente kirchnerista Juan Grabois a Sergio Massa. Desde el Frente Renovador salieron a contestar la cr\u00edtica. El motivo que tuvo el dirigente social se debe a la molestia que caus\u00f3 que el exministro encabece una lista del peronismo en las elecciones nacionales. Por su parte Sebasti\u00e1n Galmarini, funcionario boanerense, le record\u00f3 que Massa le gan\u00f3 las PASO 2023: &#8220;Fue bastante f\u00e1cil&#8221;.<\/strong><\/p>\n<p><!--more--><\/p>\n<p>El dirigente social Juan Grabois ratific\u00f3 su candidatura a diputado nacional y carg\u00f3 contra Sergio Massa, a quien acus\u00f3 de ser &#8220;la derecha del peronismo&#8221; y asegur\u00f3 que mide &#8220;ocho puntos menos&#8221; que \u00e9l. Desde el Frente Renovador, le respondieron: &#8220;Sos mentiroso, delirante e in\u00fatil&#8221;.<\/p>\n<p>&#8220;No puedo aceptar d\u00f3cilmente que el espacio peronista hoy, a r\u00edo revuelto, lo hegemonice Sergio Massa, alguien que le hizo da\u00f1o a Bergoglio. Lo queremos disputar desde adentro, pero no podemos permitir que una persona que pertenece a la derecha del peronismo sea hoy el que hegemoniza la cosa, el que publica los spots&#8221;, plante\u00f3 Grabois en una entrevista para C5N el lunes por la noche.<\/p>\n<p>Asimismo, asegur\u00f3 que &#8220;en todas las encuestas&#8221; que le pasaron, Grabois es el candidato peronista que m\u00e1s mide y cuestion\u00f3: &#8220;\u00bfPens\u00e1s que la rosca pol\u00edtica me va a permitir encabezar una lista? Llamalo a Massa y preguntale&#8221;. &#8220;Massa mide 8 puntos menos que yo&#8221;, agreg\u00f3.<\/p>\n<p>Seg\u00fan un informe elaborado por Clar\u00edn, poco despu\u00e9s de que la entrevista saliera al aire, Sebasti\u00e1n Galmarini, director del Banco Provincia, referente del Frente Renovador y cu\u00f1ado de Massa, le respondi\u00f3 a Grabois por X: &#8220;Sos mentiroso, delirante e in\u00fatil&#8221;.<\/p>\n<p>Y le record\u00f3 que en 2023 Massa le gan\u00f3 las elecciones primarias presidenciales: &#8220;A Sergio Massa no lo puso nadie, te gan\u00f3 las elecciones primarias pasadas. \u00bfTe acord\u00e1s? Y fue bastante f\u00e1cil te recuerdo\u2026 nunca ganaste ni una sociedad de fomento&#8221;.<\/p>\n<p>La relaci\u00f3n entre Grabois y Massa ya hab\u00eda presentado sus diferencias en el marco de las PASO de 2023, cuando ambos fueron precandidatos de Uni\u00f3n por la Patria. En aquel momento, el dirigente social hab\u00eda planteado que el entonces ministro de Econom\u00eda representaba &#8220;un giro a la derecha&#8221; y candidatearlo era &#8220;un cheque en blanco a una persona que todav\u00eda no ha demostrado ser digna de confianza&#8221;.<\/p>\n<p>Sin embargo, anoche Galmarini le se\u00f1al\u00f3 a Grabois que los apoderados de Patria Grande, Federico Fagioli e Ita\u00ed Hagman, estuvieron presentes &#8220;cuando TODOS acordamos ir juntos en septiembre y en octubre. Quiz\u00e1s no te contaron&#8221;.<\/p>\n<p>Y te recuerdo que la gran mayor\u00eda de tus pocos votos en 2023, votaron a Milei en la primera y segunda vuelta.<\/p>\n<p>Quiz\u00e1s sea tu principal acuerdo\u2026<\/p>\n<p>Segu\u00ed participando.<\/p>\n","protected":false},"excerpt":{"rendered":"<p>Se lo dijo el iracundo dirigente kirchnerista Juan Grabois a Sergio Massa. Desde el Frente Renovador salieron a contestar la cr\u00edtica. El motivo que tuvo el dirigente social se debe a la molestia que caus\u00f3 que el exministro encabece una lista del peronismo en las elecciones nacionales. Por su parte Sebasti\u00e1n Galmarini, funcionario boanerense, le [&hellip;]<\/p>\n","protected":false},"author":2,"featured_media":8506,"comment_status":"open","ping_status":"closed","sticky":false,"template":"","format":"standard","meta":{"footnotes":""},"categories":[6],"tags":[872],"class_list":["post-8505","post","type-post","status-publish","format-standard","has-post-thumbnail","hentry","category-notas","tag-victor-sacca"],"_links":{"self":[{"href":"https:\/\/muycritico.com.ar\/web\/index.php?rest_route=\/wp\/v2\/posts\/8505","targetHints":{"allow":["GET"]}}],"collection":[{"href":"https:\/\/muycritico.com.ar\/web\/index.php?rest_route=\/wp\/v2\/posts"}],"about":[{"href":"https:\/\/muycritico.com.ar\/web\/index.php?rest_route=\/wp\/v2\/types\/post"}],"author":[{"embeddable":true,"href":"https:\/\/muycritico.com.ar\/web\/index.php?rest_route=\/wp\/v2\/users\/2"}],"replies":[{"embeddable":true,"href":"https:\/\/muycritico.com.ar\/web\/index.php?rest_route=%2Fwp%2Fv2%2Fcomments&post=8505"}],"version-history":[{"count":1,"href":"https:\/\/muycritico.com.ar\/web\/index.php?rest_route=\/wp\/v2\/posts\/8505\/revisions"}],"predecessor-version":[{"id":8507,"href":"https:\/\/muycritico.com.ar\/web\/index.php?rest_route=\/wp\/v2\/posts\/8505\/revisions\/8507"}],"wp:featuredmedia":[{"embeddable":true,"href":"https:\/\/muycritico.com.ar\/web\/index.php?rest_route=\/wp\/v2\/media\/8506"}],"wp:attachment":[{"href":"https:\/\/muycritico.com.ar\/web\/index.php?rest_route=%2Fwp%2Fv2%2Fmedia&parent=8505"}],"wp:term":[{"taxonomy":"category","embeddable":true,"href":"https:\/\/muycritico.com.ar\/web\/index.php?rest_route=%2Fwp%2Fv2%2Fcategories&post=8505"},{"taxonomy":"post_tag","embeddable":true,"href":"https:\/\/muycritico.com.ar\/web\/index.php?rest_route=%2Fwp%2Fv2%2Ftags&post=8505"}],"curies":[{"name":"wp","href":"https:\/\/api.w.org\/{rel}","templated":true}]}}