{"id":8491,"date":"2025-07-29T20:46:56","date_gmt":"2025-07-29T23:46:56","guid":{"rendered":"https:\/\/muycritico.com.ar\/web\/?p=8491"},"modified":"2026-01-18T19:15:54","modified_gmt":"2026-01-18T22:15:54","slug":"dos-bestiales-policias-golpearon-a-un-hombre-en-situacion-de-calle-sin-ningun-motivo","status":"publish","type":"post","link":"https:\/\/muycritico.com.ar\/web\/?p=8491","title":{"rendered":"DOS BESTIALES POLIC\u00cdAS GOLPEARON A UN HOMBRE EN SITUACI\u00d3N DE CALLE SIN NING\u00daN MOTIVO"},"content":{"rendered":"<p><strong>El video se viraliz\u00f3 r\u00e1pidamente en redes sociales y gener\u00f3 indignaci\u00f3n en Rosario de Lerma. El hecho ocurri\u00f3 en la tarde del domingo pasado, cerca de las 17:00 horas, en el predio del ferrocarril. <\/strong><!--more--><\/p>\n<p>Dos reaccionarios agentes de polic\u00edas fueron filmados golpeando de forma brutal a un indigente mientras lo tienen reducido. Las im\u00e1genes que fueron filmadas por un hombre que presenci\u00f3 la repudiable secuencia se conocieron r\u00e1pidamente y causaron el repudio p\u00fablico.<\/p>\n<p>Ante esto el comisario General Diego Bustos, jefe de la Polic\u00eda, en dialogo con Radio Salta sobre este lamentable suceso, explic\u00f3 que se puso a disposici\u00f3n de la Fiscal\u00eda de Derechos Humanos y la Secretar\u00eda de Seguridad un caso relacionado con la actuaci\u00f3n de personal policial, tras la difusi\u00f3n de una filmaci\u00f3n en redes sociales.<\/p>\n<p>La investigaci\u00f3n determinar\u00e1 el contexto y los motivos de los hechos, y el personal involucrado ya fue separado de su funci\u00f3n y desarmado mientras se llevan a cabo las indagaciones necesarias.<\/p>\n<p><iframe loading=\"lazy\" title=\"DOS BESTIALES POLIC\u00cdAS GOLPEARON A UN HOMBRE EN SITUACI\u00d3N DE CALLE SIN NING\u00daN MOTIVO\" width=\"696\" height=\"522\" src=\"https:\/\/www.youtube.com\/embed\/xaeHvddulws?feature=oembed\" frameborder=\"0\" allow=\"accelerometer; autoplay; clipboard-write; encrypted-media; gyroscope; picture-in-picture; web-share\" referrerpolicy=\"strict-origin-when-cross-origin\" allowfullscreen><\/iframe><\/p>\n","protected":false},"excerpt":{"rendered":"<p>El video se viraliz\u00f3 r\u00e1pidamente en redes sociales y gener\u00f3 indignaci\u00f3n en Rosario de Lerma. El hecho ocurri\u00f3 en la tarde del domingo pasado, cerca de las 17:00 horas, en el predio del ferrocarril.<\/p>\n","protected":false},"author":2,"featured_media":8492,"comment_status":"open","ping_status":"closed","sticky":false,"template":"","format":"standard","meta":{"footnotes":""},"categories":[6],"tags":[872],"class_list":["post-8491","post","type-post","status-publish","format-standard","has-post-thumbnail","hentry","category-notas","tag-victor-sacca"],"_links":{"self":[{"href":"https:\/\/muycritico.com.ar\/web\/index.php?rest_route=\/wp\/v2\/posts\/8491","targetHints":{"allow":["GET"]}}],"collection":[{"href":"https:\/\/muycritico.com.ar\/web\/index.php?rest_route=\/wp\/v2\/posts"}],"about":[{"href":"https:\/\/muycritico.com.ar\/web\/index.php?rest_route=\/wp\/v2\/types\/post"}],"author":[{"embeddable":true,"href":"https:\/\/muycritico.com.ar\/web\/index.php?rest_route=\/wp\/v2\/users\/2"}],"replies":[{"embeddable":true,"href":"https:\/\/muycritico.com.ar\/web\/index.php?rest_route=%2Fwp%2Fv2%2Fcomments&post=8491"}],"version-history":[{"count":3,"href":"https:\/\/muycritico.com.ar\/web\/index.php?rest_route=\/wp\/v2\/posts\/8491\/revisions"}],"predecessor-version":[{"id":8497,"href":"https:\/\/muycritico.com.ar\/web\/index.php?rest_route=\/wp\/v2\/posts\/8491\/revisions\/8497"}],"wp:featuredmedia":[{"embeddable":true,"href":"https:\/\/muycritico.com.ar\/web\/index.php?rest_route=\/wp\/v2\/media\/8492"}],"wp:attachment":[{"href":"https:\/\/muycritico.com.ar\/web\/index.php?rest_route=%2Fwp%2Fv2%2Fmedia&parent=8491"}],"wp:term":[{"taxonomy":"category","embeddable":true,"href":"https:\/\/muycritico.com.ar\/web\/index.php?rest_route=%2Fwp%2Fv2%2Fcategories&post=8491"},{"taxonomy":"post_tag","embeddable":true,"href":"https:\/\/muycritico.com.ar\/web\/index.php?rest_route=%2Fwp%2Fv2%2Ftags&post=8491"}],"curies":[{"name":"wp","href":"https:\/\/api.w.org\/{rel}","templated":true}]}}