{"id":8481,"date":"2025-07-29T19:08:48","date_gmt":"2025-07-29T22:08:48","guid":{"rendered":"https:\/\/muycritico.com.ar\/web\/?p=8481"},"modified":"2026-01-18T19:15:55","modified_gmt":"2026-01-18T22:15:55","slug":"escandalo-en-el-concejo-segundo-faltazo-de-pablo-lopez-y-nueva-prorroga-para-el-descargo-segun-confirmo-su-abogado","status":"publish","type":"post","link":"https:\/\/muycritico.com.ar\/web\/?p=8481","title":{"rendered":"ESC\u00c1NDALO EN EL CONCEJO: SEGUNDO FALTAZO DE PABLO L\u00d3PEZ Y NUEVA PR\u00d3RROGA PARA EL DESCARGO, SEG\u00daN CONFIRM\u00d3 SU ABOGADO"},"content":{"rendered":"<p><strong>\u201cEste jueves presentaremos el descargo al Concejo. Por el momento no haremos m\u00e1s comentarios al respecto\u201d, dijo el defensor del concejal libertario a MUY CRITICO. El edil salte\u00f1o esta denunciado penalmente por su expareja por violencia de g\u00e9nero y solicitud de favores sexuales a cambio de dinero. L\u00f3pez no se present\u00f3 la semana pasada en la sesi\u00f3n especial para tratar su renuncia ni en la segunda citaci\u00f3n para realizar su descargo.<\/strong><\/p>\n<p><!--more--><\/p>\n<p>El abogado penalista <strong>Jos\u00e9 Fernando Teseyra<\/strong> se hizo cargo de la representaci\u00f3n legal de <strong>Pablo L\u00f3pez<\/strong>, quien se encuentra envuelto en un verdadero esc\u00e1ndalo, tras la difusi\u00f3n de un expl\u00edcito audio de s\u00f3rdido contenido, donde le pide a su ex pareja favores sexuales orales a cambio de dinero. Este bochornoso episodio sacudi\u00f3 a la versi\u00f3n salte\u00f1a de la Libertad Avanza de tal forma que tras una paup\u00e9rrima defensa de Emilia Orozco en un video en sus redes sociales terminaron expulsando a L\u00f3pez del partido de Milei.<\/p>\n<p>Mientras tanto este martes se reuni\u00f3 la Comisi\u00f3n de Disciplina, Juicio Pol\u00edtico y Responsabilidad Patrimonial. Al encuentro hab\u00eda sido citado el concejal Pablo L\u00f3pez, quien se ausent\u00f3 con previo aviso. En virtud de ello los miembros del espacio de trabajo dispusieron realizar una nueva citaci\u00f3n al edil para este jueves 31 de julio a horas 11.00.<\/p>\n<p>De la reuni\u00f3n de la fecha participaron el titular del CD, Dar\u00edo Madile, junto a los ediles Eliana Chuchuy (VPS), Malvina Gareca (SPV), \u00c1ngel Ortiz (UCR), Mart\u00edn Del Frari (SF), In\u00e9s Bennassar (GSC), Gonzalo Nieva (JxC) y Jos\u00e9 Garc\u00eda (YP).<\/p>\n<p>Por su parte el presidente del Concejo, Dar\u00edo Madile, explic\u00f3: \u201cHoy a las 11 estaba citado el concejal para poder realizar su descargo. No vino, y por eso reprogramamos la citaci\u00f3n\u201d. Consultado sobre la posibilidad de extender plazos, Madile sostuvo que no hay un procedimiento formal con t\u00e9rminos estrictos, ya que no se trata de un juicio pol\u00edtico. Aun as\u00ed, L\u00f3pez podr\u00e1 presentar su defensa de manera presencial o por escrito.<\/p>\n<p>La citaci\u00f3n de L\u00f3pez obedec\u00eda la requisitoria de una audiencia convocada por la Comisi\u00f3n de Disciplina y Juicio Pol\u00edtico del Concejo Deliberante de Salta. Ante su ausencia, el cuerpo legislativo reprogram\u00f3 la citaci\u00f3n para el pr\u00f3ximo jueves a las 11 de la ma\u00f1ana, lo que confirm\u00f3 el defensor del concejal a MUY CRITICO.<\/p>\n<p>Seg\u00fan trascendi\u00f3 en los medios locales, el caso dio un paso clave con la llegada de los primeros informes judiciales, que ser\u00e1n fundamentales para determinar si el acusado incurri\u00f3 en una incompatibilidad moral con el cargo que ostenta.<\/p>\n<p>\u201cNecesitamos tener los hechos oficialmente para no basarnos en comentarios o trascendidos\u201d, explic\u00f3 Madile, quien no descart\u00f3 que el mismo jueves se emita un dictamen si la comisi\u00f3n considera que tiene los elementos suficientes sobre el caso de Pablo L\u00f3pez.<\/p>\n<p>D\u00edas atr\u00e1s, L\u00f3pez hab\u00eda intentado presentar su renuncia alegando \u201chostigamiento y persecuci\u00f3n pol\u00edtica\u201d, pero el Concejo rechaz\u00f3 la dimisi\u00f3n por unanimidad. \u201cNo hab\u00eda razones v\u00e1lidas, nunca existieron esas situaciones desde la instituci\u00f3n\u201d, remarc\u00f3 Madile.<\/p>\n<p>El an\u00e1lisis en curso no implica una suspensi\u00f3n autom\u00e1tica del concejal libertario, quien sigue habilitado para participar de las sesiones mientras dure el proceso. No obstante, si se comprueba que hay razones \u00e9ticas o legales que comprometen su permanencia, podr\u00edan aplicarse sanciones o incluso su remoci\u00f3n del cargo.<\/p>\n<p>Sobre la continuidad en su mandato, que deber\u00eda renovar en diciembre, Madile aclar\u00f3: \u201cEsto corresponde al mandato actual. A partir del 10 de diciembre, ser\u00e1 otro cuerpo legislativo el que evaluar\u00e1 su situaci\u00f3n si se presenta\u201d.<\/p>\n","protected":false},"excerpt":{"rendered":"<p>\u201cEste jueves presentaremos el descargo al Concejo. Por el momento no haremos m\u00e1s comentarios al respecto\u201d, dijo el defensor del concejal libertario a MUY CRITICO. El edil salte\u00f1o esta denunciado penalmente por su expareja por violencia de g\u00e9nero y solicitud de favores sexuales a cambio de dinero. L\u00f3pez no se present\u00f3 la semana pasada en [&hellip;]<\/p>\n","protected":false},"author":2,"featured_media":8482,"comment_status":"open","ping_status":"closed","sticky":false,"template":"","format":"standard","meta":{"footnotes":""},"categories":[6],"tags":[872],"class_list":["post-8481","post","type-post","status-publish","format-standard","has-post-thumbnail","hentry","category-notas","tag-victor-sacca"],"_links":{"self":[{"href":"https:\/\/muycritico.com.ar\/web\/index.php?rest_route=\/wp\/v2\/posts\/8481","targetHints":{"allow":["GET"]}}],"collection":[{"href":"https:\/\/muycritico.com.ar\/web\/index.php?rest_route=\/wp\/v2\/posts"}],"about":[{"href":"https:\/\/muycritico.com.ar\/web\/index.php?rest_route=\/wp\/v2\/types\/post"}],"author":[{"embeddable":true,"href":"https:\/\/muycritico.com.ar\/web\/index.php?rest_route=\/wp\/v2\/users\/2"}],"replies":[{"embeddable":true,"href":"https:\/\/muycritico.com.ar\/web\/index.php?rest_route=%2Fwp%2Fv2%2Fcomments&post=8481"}],"version-history":[{"count":1,"href":"https:\/\/muycritico.com.ar\/web\/index.php?rest_route=\/wp\/v2\/posts\/8481\/revisions"}],"predecessor-version":[{"id":8483,"href":"https:\/\/muycritico.com.ar\/web\/index.php?rest_route=\/wp\/v2\/posts\/8481\/revisions\/8483"}],"wp:featuredmedia":[{"embeddable":true,"href":"https:\/\/muycritico.com.ar\/web\/index.php?rest_route=\/wp\/v2\/media\/8482"}],"wp:attachment":[{"href":"https:\/\/muycritico.com.ar\/web\/index.php?rest_route=%2Fwp%2Fv2%2Fmedia&parent=8481"}],"wp:term":[{"taxonomy":"category","embeddable":true,"href":"https:\/\/muycritico.com.ar\/web\/index.php?rest_route=%2Fwp%2Fv2%2Fcategories&post=8481"},{"taxonomy":"post_tag","embeddable":true,"href":"https:\/\/muycritico.com.ar\/web\/index.php?rest_route=%2Fwp%2Fv2%2Ftags&post=8481"}],"curies":[{"name":"wp","href":"https:\/\/api.w.org\/{rel}","templated":true}]}}